{"id":111868,"date":"2021-02-26T12:07:45","date_gmt":"2021-02-26T16:07:45","guid":{"rendered":"https:\/\/potenciaradiofonicadominicana.com\/portal\/?p=111868"},"modified":"2021-02-26T12:07:45","modified_gmt":"2021-02-26T16:07:45","slug":"diversos-sectores-valoran-y-critican-pacto-electrico","status":"publish","type":"post","link":"https:\/\/potenciaradiofonicadominicana.com\/portal\/diversos-sectores-valoran-y-critican-pacto-electrico\/","title":{"rendered":"Diversos sectores valoran y critican pacto el\u00e9ctrico"},"content":{"rendered":"<p><a href=\"https:\/\/potenciaradiofonicadominicana.com\/portal\/wp-content\/uploads\/2021\/02\/diversos-sectores-valoran-y-critican-pacto-electrico.jpeg\"><img loading=\"lazy\" decoding=\"async\" class=\"alignnone size-full wp-image-111869\" src=\"https:\/\/potenciaradiofonicadominicana.com\/portal\/wp-content\/uploads\/2021\/02\/diversos-sectores-valoran-y-critican-pacto-electrico.jpeg\" alt=\"\" width=\"680\" height=\"382\" \/><\/a><\/p>\n<p>La firma del documen\u00adto para el Pacto Nacional para la Reforma del Sec\u00adtor El\u00e9ctrico ocurrida ayer en el Palacio Nacional fue saludada y criticada, a la vez, por diversos sectores y expertos.<\/p>\n<p><strong>Voces a favor<\/strong><\/p>\n<p>El presidente de la Aso\u00adciaci\u00f3n de Industrias de la Rep\u00fablica Dominicana (AIRD), Celso Juan Ma\u00adrranzini, manifest\u00f3 que el pacto es la ruta para, final\u00admente, conseguir la transpa\u00adrencia en el sector el\u00e9ctrico.<\/p>\n<p>La Asociaci\u00f3n Nacional de Empresas e Industrias Herrera (Aneih), salud\u00f3 la firma del pacto y dijo que este es un compromi\u00adso pol\u00edtico y social que se precisaba asumir desde hace tiempo.<\/p>\n<p>Rub\u00e9n Bichara, miem\u00adbro del Comit\u00e9 Pol\u00edtico del PLD y exadminsitrador de la CDEEE, coment\u00f3 que con este pacto se espera que se aporte mejor\u00eda al pueblo dominicano y que se garantice un servicio 24 horas.<\/p>\n<p>Radham\u00e9s Segura, tambi\u00e9n miembro del Co\u00admit\u00e9 Pol\u00edtico del PLD, ex\u00adpres\u00f3 que el documen\u00adto del pacto era el mismo que el consensuado hace varios a\u00f1os y se\u00f1al\u00f3 que el mismo debi\u00f3 actualizar\u00adse porque cuenta con esta\u00add\u00edsticas del a\u00f1o 2017.<\/p>\n<p>Edwin De los Santos, presidente del grupo ener\u00adg\u00e9tico AES Dominicana, consider\u00f3 que el pacto ayudar\u00e1 a ordenar la pla\u00adnificaci\u00f3n y desarrollo de los planes indicativos que definir\u00e1n el futuro del subsector el\u00e9ctrico.<\/p>\n<p><strong>Voces en contra<\/strong><\/p>\n<p>Algunas criticas de parti\u00addos minoritarios, de or\u00adganizaciones del sector social y de expertos, des\u00admeritaron la firma del pacto indicando que no es representativo de las aspi\u00adraciones respecto al mis\u00admo.<\/p>\n<p>El experto en materia de energ\u00eda y catedr\u00e1tico de la Universidad Aut\u00f3\u00adnoma de Santo Domingo (UASD), Jos\u00e9 Luis More\u00adno San Juan, calific\u00f3 co\u00admo \u201cpacto basura\u201d el do\u00adcumento que se firm\u00f3 en el Palacio Nacional y di\u00adjo que los motivos de esa firma acelerada est\u00e1n en el inter\u00e9s particular de las empresas de generaci\u00f3n, para garantizar sus privi\u00adlegios.<\/p>\n<p>Manifest\u00f3 que es el mis\u00admo pacto del 23 de di\u00adciembre del 2017, inclu\u00adso sin cambiar fechas de metas. \u201cFirmar por firmar, aunque en el fondo no re\u00adsuelva nada\u201d.<\/p>\n<p>El partido minorita\u00adrio Alianza Pa\u00eds mostr\u00f3 su preocupaci\u00f3n por la firma del pacto sin la participa\u00adci\u00f3n del sector social que integra el Consejo Eco\u00adn\u00f3mico Social (CES), y la oposici\u00f3n de decenas de otras organizaciones e ins\u00adtituciones que tambi\u00e9n re\u00adpresentan los intereses de la poblaci\u00f3n.<\/p>\n<p>\u201cEste pacto suscrito hoy no puede llamarse as\u00ed, si\u00adno que deber\u00eda ser lla\u00admado como lo que es, un acuerdo de \u00e9lites, pues lo que se han puesto de acuerdos es el empresaria\u00addo del sector el\u00e9ctrico y el gobierno\u201d, expres\u00f3 la or\u00adganizaci\u00f3n pol\u00edtica.<\/p>\n<p>Este mi\u00e9rcoles los re\u00adpresentantes del sector so\u00adcial indicaron que no fue\u00adron convocados al acto.<\/p>\n<p>&nbsp;<\/p>\n<p>&nbsp;<\/p>\n<p>&nbsp;<\/p>\n<p>&nbsp;<\/p>\n<p>Fuente<br \/>\nListin Diario<\/p>\n","protected":false},"excerpt":{"rendered":"<p>La firma del documen\u00adto para el Pacto Nacional para la Reforma del Sec\u00adtor El\u00e9ctrico ocurrida ayer en el Palacio Nacional &#8230;<\/p>\n","protected":false},"author":2,"featured_media":111869,"comment_status":"open","ping_status":"open","sticky":false,"template":"","format":"standard","meta":{"footnotes":""},"categories":[26],"tags":[],"class_list":["post-111868","post","type-post","status-publish","format-standard","has-post-thumbnail","hentry","category-economia"],"yoast_head":"<!-- This site is optimized with the Yoast SEO plugin v24.8.1 - https:\/\/yoast.com\/wordpress\/plugins\/seo\/ -->\n<title>Diversos sectores valoran y critican pacto el\u00e9ctrico - PotenciaRadiofonicaDominicana.com<\/title>\n<meta name=\"robots\" content=\"index, follow, max-snippet:-1, max-image-preview:large, max-video-preview:-1\" \/>\n<link rel=\"canonical\" href=\"https:\/\/potenciaradiofonicadominicana.com\/portal\/diversos-sectores-valoran-y-critican-pacto-electrico\/\" \/>\n<meta property=\"og:locale\" content=\"es_ES\" \/>\n<meta property=\"og:type\" content=\"article\" \/>\n<meta property=\"og:title\" content=\"Diversos sectores valoran y critican pacto el\u00e9ctrico - PotenciaRadiofonicaDominicana.com\" \/>\n<meta property=\"og:description\" content=\"La firma del documen\u00adto para el Pacto Nacional para la Reforma del Sec\u00adtor El\u00e9ctrico ocurrida ayer en el Palacio Nacional ...\" \/>\n<meta property=\"og:url\" content=\"https:\/\/potenciaradiofonicadominicana.com\/portal\/diversos-sectores-valoran-y-critican-pacto-electrico\/\" \/>\n<meta property=\"og:site_name\" content=\"PotenciaRadiofonicaDominicana.com\" \/>\n<meta property=\"article:publisher\" content=\"https:\/\/web.facebook.com\/PotenciaRadiofonicaD\" \/>\n<meta property=\"article:published_time\" content=\"2021-02-26T16:07:45+00:00\" \/>\n<meta property=\"og:image\" content=\"https:\/\/potenciaradiofonicadominicana.com\/portal\/wp-content\/uploads\/2021\/02\/diversos-sectores-valoran-y-critican-pacto-electrico.jpeg\" \/>\n\t<meta property=\"og:image:width\" content=\"680\" \/>\n\t<meta property=\"og:image:height\" content=\"382\" \/>\n\t<meta property=\"og:image:type\" content=\"image\/jpeg\" \/>\n<meta name=\"author\" content=\"Potencia Radiof\u00f3nica Dominicana\" \/>\n<meta name=\"twitter:card\" content=\"summary_large_image\" \/>\n<meta name=\"twitter:label1\" content=\"Escrito por\" \/>\n\t<meta name=\"twitter:data1\" content=\"Potencia Radiof\u00f3nica Dominicana\" \/>\n\t<meta name=\"twitter:label2\" content=\"Tiempo de lectura\" \/>\n\t<meta name=\"twitter:data2\" content=\"3 minutos\" \/>\n<script type=\"application\/ld+json\" class=\"yoast-schema-graph\">{\"@context\":\"https:\/\/schema.org\",\"@graph\":[{\"@type\":\"Article\",\"@id\":\"https:\/\/potenciaradiofonicadominicana.com\/portal\/diversos-sectores-valoran-y-critican-pacto-electrico\/#article\",\"isPartOf\":{\"@id\":\"https:\/\/potenciaradiofonicadominicana.com\/portal\/diversos-sectores-valoran-y-critican-pacto-electrico\/\"},\"author\":{\"name\":\"Potencia Radiof\u00f3nica Dominicana\",\"@id\":\"https:\/\/potenciaradiofonicadominicana.com\/portal\/#\/schema\/person\/a5cf1fea13877803ee0573ac18b03490\"},\"headline\":\"Diversos sectores valoran y critican pacto el\u00e9ctrico\",\"datePublished\":\"2021-02-26T16:07:45+00:00\",\"mainEntityOfPage\":{\"@id\":\"https:\/\/potenciaradiofonicadominicana.com\/portal\/diversos-sectores-valoran-y-critican-pacto-electrico\/\"},\"wordCount\":509,\"commentCount\":0,\"publisher\":{\"@id\":\"https:\/\/potenciaradiofonicadominicana.com\/portal\/#organization\"},\"image\":{\"@id\":\"https:\/\/potenciaradiofonicadominicana.com\/portal\/diversos-sectores-valoran-y-critican-pacto-electrico\/#primaryimage\"},\"thumbnailUrl\":\"https:\/\/potenciaradiofonicadominicana.com\/portal\/wp-content\/uploads\/2021\/02\/diversos-sectores-valoran-y-critican-pacto-electrico.jpeg\",\"articleSection\":[\"Econom\u00eda\"],\"inLanguage\":\"es\",\"potentialAction\":[{\"@type\":\"CommentAction\",\"name\":\"Comment\",\"target\":[\"https:\/\/potenciaradiofonicadominicana.com\/portal\/diversos-sectores-valoran-y-critican-pacto-electrico\/#respond\"]}]},{\"@type\":\"WebPage\",\"@id\":\"https:\/\/potenciaradiofonicadominicana.com\/portal\/diversos-sectores-valoran-y-critican-pacto-electrico\/\",\"url\":\"https:\/\/potenciaradiofonicadominicana.com\/portal\/diversos-sectores-valoran-y-critican-pacto-electrico\/\",\"name\":\"Diversos sectores valoran y critican pacto el\u00e9ctrico - PotenciaRadiofonicaDominicana.com\",\"isPartOf\":{\"@id\":\"https:\/\/potenciaradiofonicadominicana.com\/portal\/#website\"},\"primaryImageOfPage\":{\"@id\":\"https:\/\/potenciaradiofonicadominicana.com\/portal\/diversos-sectores-valoran-y-critican-pacto-electrico\/#primaryimage\"},\"image\":{\"@id\":\"https:\/\/potenciaradiofonicadominicana.com\/portal\/diversos-sectores-valoran-y-critican-pacto-electrico\/#primaryimage\"},\"thumbnailUrl\":\"https:\/\/potenciaradiofonicadominicana.com\/portal\/wp-content\/uploads\/2021\/02\/diversos-sectores-valoran-y-critican-pacto-electrico.jpeg\",\"datePublished\":\"2021-02-26T16:07:45+00:00\",\"breadcrumb\":{\"@id\":\"https:\/\/potenciaradiofonicadominicana.com\/portal\/diversos-sectores-valoran-y-critican-pacto-electrico\/#breadcrumb\"},\"inLanguage\":\"es\",\"potentialAction\":[{\"@type\":\"ReadAction\",\"target\":[\"https:\/\/potenciaradiofonicadominicana.com\/portal\/diversos-sectores-valoran-y-critican-pacto-electrico\/\"]}]},{\"@type\":\"ImageObject\",\"inLanguage\":\"es\",\"@id\":\"https:\/\/potenciaradiofonicadominicana.com\/portal\/diversos-sectores-valoran-y-critican-pacto-electrico\/#primaryimage\",\"url\":\"https:\/\/potenciaradiofonicadominicana.com\/portal\/wp-content\/uploads\/2021\/02\/diversos-sectores-valoran-y-critican-pacto-electrico.jpeg\",\"contentUrl\":\"https:\/\/potenciaradiofonicadominicana.com\/portal\/wp-content\/uploads\/2021\/02\/diversos-sectores-valoran-y-critican-pacto-electrico.jpeg\",\"width\":680,\"height\":382},{\"@type\":\"BreadcrumbList\",\"@id\":\"https:\/\/potenciaradiofonicadominicana.com\/portal\/diversos-sectores-valoran-y-critican-pacto-electrico\/#breadcrumb\",\"itemListElement\":[{\"@type\":\"ListItem\",\"position\":1,\"name\":\"Portada\",\"item\":\"https:\/\/potenciaradiofonicadominicana.com\/portal\/\"},{\"@type\":\"ListItem\",\"position\":2,\"name\":\"Diversos sectores valoran y critican pacto el\u00e9ctrico\"}]},{\"@type\":\"WebSite\",\"@id\":\"https:\/\/potenciaradiofonicadominicana.com\/portal\/#website\",\"url\":\"https:\/\/potenciaradiofonicadominicana.com\/portal\/\",\"name\":\"PotenciaRadiofonicaDominicana.com\",\"description\":\"Peri\u00f3dico Digital\",\"publisher\":{\"@id\":\"https:\/\/potenciaradiofonicadominicana.com\/portal\/#organization\"},\"potentialAction\":[{\"@type\":\"SearchAction\",\"target\":{\"@type\":\"EntryPoint\",\"urlTemplate\":\"https:\/\/potenciaradiofonicadominicana.com\/portal\/?s={search_term_string}\"},\"query-input\":{\"@type\":\"PropertyValueSpecification\",\"valueRequired\":true,\"valueName\":\"search_term_string\"}}],\"inLanguage\":\"es\"},{\"@type\":\"Organization\",\"@id\":\"https:\/\/potenciaradiofonicadominicana.com\/portal\/#organization\",\"name\":\"PotenciaRadiofonicaDominicana.com\",\"url\":\"https:\/\/potenciaradiofonicadominicana.com\/portal\/\",\"logo\":{\"@type\":\"ImageObject\",\"inLanguage\":\"es\",\"@id\":\"https:\/\/potenciaradiofonicadominicana.com\/portal\/#\/schema\/logo\/image\/\",\"url\":\"https:\/\/potenciaradiofonicadominicana.com\/portal\/wp-content\/uploads\/2022\/01\/descarga.png\",\"contentUrl\":\"https:\/\/potenciaradiofonicadominicana.com\/portal\/wp-content\/uploads\/2022\/01\/descarga.png\",\"width\":300,\"height\":100,\"caption\":\"PotenciaRadiofonicaDominicana.com\"},\"image\":{\"@id\":\"https:\/\/potenciaradiofonicadominicana.com\/portal\/#\/schema\/logo\/image\/\"},\"sameAs\":[\"https:\/\/web.facebook.com\/PotenciaRadiofonicaD\"]},{\"@type\":\"Person\",\"@id\":\"https:\/\/potenciaradiofonicadominicana.com\/portal\/#\/schema\/person\/a5cf1fea13877803ee0573ac18b03490\",\"name\":\"Potencia Radiof\u00f3nica Dominicana\",\"image\":{\"@type\":\"ImageObject\",\"inLanguage\":\"es\",\"@id\":\"https:\/\/potenciaradiofonicadominicana.com\/portal\/#\/schema\/person\/image\/\",\"url\":\"https:\/\/secure.gravatar.com\/avatar\/42a55ab9e8ccc656ba34cd791990602a?s=96&d=mm&r=g\",\"contentUrl\":\"https:\/\/secure.gravatar.com\/avatar\/42a55ab9e8ccc656ba34cd791990602a?s=96&d=mm&r=g\",\"caption\":\"Potencia Radiof\u00f3nica Dominicana\"},\"url\":\"https:\/\/potenciaradiofonicadominicana.com\/portal\/author\/johannyalmanzar\/\"}]}<\/script>\n<!-- \/ Yoast SEO plugin. -->","yoast_head_json":{"title":"Diversos sectores valoran y critican pacto el\u00e9ctrico - PotenciaRadiofonicaDominicana.com","robots":{"index":"index","follow":"follow","max-snippet":"max-snippet:-1","max-image-preview":"max-image-preview:large","max-video-preview":"max-video-preview:-1"},"canonical":"https:\/\/potenciaradiofonicadominicana.com\/portal\/diversos-sectores-valoran-y-critican-pacto-electrico\/","og_locale":"es_ES","og_type":"article","og_title":"Diversos sectores valoran y critican pacto el\u00e9ctrico - PotenciaRadiofonicaDominicana.com","og_description":"La firma del documen\u00adto para el Pacto Nacional para la Reforma del Sec\u00adtor El\u00e9ctrico ocurrida ayer en el Palacio Nacional ...","og_url":"https:\/\/potenciaradiofonicadominicana.com\/portal\/diversos-sectores-valoran-y-critican-pacto-electrico\/","og_site_name":"PotenciaRadiofonicaDominicana.com","article_publisher":"https:\/\/web.facebook.com\/PotenciaRadiofonicaD","article_published_time":"2021-02-26T16:07:45+00:00","og_image":[{"width":680,"height":382,"url":"https:\/\/potenciaradiofonicadominicana.com\/portal\/wp-content\/uploads\/2021\/02\/diversos-sectores-valoran-y-critican-pacto-electrico.jpeg","type":"image\/jpeg"}],"author":"Potencia Radiof\u00f3nica Dominicana","twitter_card":"summary_large_image","twitter_misc":{"Escrito por":"Potencia Radiof\u00f3nica Dominicana","Tiempo de lectura":"3 minutos"},"schema":{"@context":"https:\/\/schema.org","@graph":[{"@type":"Article","@id":"https:\/\/potenciaradiofonicadominicana.com\/portal\/diversos-sectores-valoran-y-critican-pacto-electrico\/#article","isPartOf":{"@id":"https:\/\/potenciaradiofonicadominicana.com\/portal\/diversos-sectores-valoran-y-critican-pacto-electrico\/"},"author":{"name":"Potencia Radiof\u00f3nica Dominicana","@id":"https:\/\/potenciaradiofonicadominicana.com\/portal\/#\/schema\/person\/a5cf1fea13877803ee0573ac18b03490"},"headline":"Diversos sectores valoran y critican pacto el\u00e9ctrico","datePublished":"2021-02-26T16:07:45+00:00","mainEntityOfPage":{"@id":"https:\/\/potenciaradiofonicadominicana.com\/portal\/diversos-sectores-valoran-y-critican-pacto-electrico\/"},"wordCount":509,"commentCount":0,"publisher":{"@id":"https:\/\/potenciaradiofonicadominicana.com\/portal\/#organization"},"image":{"@id":"https:\/\/potenciaradiofonicadominicana.com\/portal\/diversos-sectores-valoran-y-critican-pacto-electrico\/#primaryimage"},"thumbnailUrl":"https:\/\/potenciaradiofonicadominicana.com\/portal\/wp-content\/uploads\/2021\/02\/diversos-sectores-valoran-y-critican-pacto-electrico.jpeg","articleSection":["Econom\u00eda"],"inLanguage":"es","potentialAction":[{"@type":"CommentAction","name":"Comment","target":["https:\/\/potenciaradiofonicadominicana.com\/portal\/diversos-sectores-valoran-y-critican-pacto-electrico\/#respond"]}]},{"@type":"WebPage","@id":"https:\/\/potenciaradiofonicadominicana.com\/portal\/diversos-sectores-valoran-y-critican-pacto-electrico\/","url":"https:\/\/potenciaradiofonicadominicana.com\/portal\/diversos-sectores-valoran-y-critican-pacto-electrico\/","name":"Diversos sectores valoran y critican pacto el\u00e9ctrico - PotenciaRadiofonicaDominicana.com","isPartOf":{"@id":"https:\/\/potenciaradiofonicadominicana.com\/portal\/#website"},"primaryImageOfPage":{"@id":"https:\/\/potenciaradiofonicadominicana.com\/portal\/diversos-sectores-valoran-y-critican-pacto-electrico\/#primaryimage"},"image":{"@id":"https:\/\/potenciaradiofonicadominicana.com\/portal\/diversos-sectores-valoran-y-critican-pacto-electrico\/#primaryimage"},"thumbnailUrl":"https:\/\/potenciaradiofonicadominicana.com\/portal\/wp-content\/uploads\/2021\/02\/diversos-sectores-valoran-y-critican-pacto-electrico.jpeg","datePublished":"2021-02-26T16:07:45+00:00","breadcrumb":{"@id":"https:\/\/potenciaradiofonicadominicana.com\/portal\/diversos-sectores-valoran-y-critican-pacto-electrico\/#breadcrumb"},"inLanguage":"es","potentialAction":[{"@type":"ReadAction","target":["https:\/\/potenciaradiofonicadominicana.com\/portal\/diversos-sectores-valoran-y-critican-pacto-electrico\/"]}]},{"@type":"ImageObject","inLanguage":"es","@id":"https:\/\/potenciaradiofonicadominicana.com\/portal\/diversos-sectores-valoran-y-critican-pacto-electrico\/#primaryimage","url":"https:\/\/potenciaradiofonicadominicana.com\/portal\/wp-content\/uploads\/2021\/02\/diversos-sectores-valoran-y-critican-pacto-electrico.jpeg","contentUrl":"https:\/\/potenciaradiofonicadominicana.com\/portal\/wp-content\/uploads\/2021\/02\/diversos-sectores-valoran-y-critican-pacto-electrico.jpeg","width":680,"height":382},{"@type":"BreadcrumbList","@id":"https:\/\/potenciaradiofonicadominicana.com\/portal\/diversos-sectores-valoran-y-critican-pacto-electrico\/#breadcrumb","itemListElement":[{"@type":"ListItem","position":1,"name":"Portada","item":"https:\/\/potenciaradiofonicadominicana.com\/portal\/"},{"@type":"ListItem","position":2,"name":"Diversos sectores valoran y critican pacto el\u00e9ctrico"}]},{"@type":"WebSite","@id":"https:\/\/potenciaradiofonicadominicana.com\/portal\/#website","url":"https:\/\/potenciaradiofonicadominicana.com\/portal\/","name":"PotenciaRadiofonicaDominicana.com","description":"Peri\u00f3dico Digital","publisher":{"@id":"https:\/\/potenciaradiofonicadominicana.com\/portal\/#organization"},"potentialAction":[{"@type":"SearchAction","target":{"@type":"EntryPoint","urlTemplate":"https:\/\/potenciaradiofonicadominicana.com\/portal\/?s={search_term_string}"},"query-input":{"@type":"PropertyValueSpecification","valueRequired":true,"valueName":"search_term_string"}}],"inLanguage":"es"},{"@type":"Organization","@id":"https:\/\/potenciaradiofonicadominicana.com\/portal\/#organization","name":"PotenciaRadiofonicaDominicana.com","url":"https:\/\/potenciaradiofonicadominicana.com\/portal\/","logo":{"@type":"ImageObject","inLanguage":"es","@id":"https:\/\/potenciaradiofonicadominicana.com\/portal\/#\/schema\/logo\/image\/","url":"https:\/\/potenciaradiofonicadominicana.com\/portal\/wp-content\/uploads\/2022\/01\/descarga.png","contentUrl":"https:\/\/potenciaradiofonicadominicana.com\/portal\/wp-content\/uploads\/2022\/01\/descarga.png","width":300,"height":100,"caption":"PotenciaRadiofonicaDominicana.com"},"image":{"@id":"https:\/\/potenciaradiofonicadominicana.com\/portal\/#\/schema\/logo\/image\/"},"sameAs":["https:\/\/web.facebook.com\/PotenciaRadiofonicaD"]},{"@type":"Person","@id":"https:\/\/potenciaradiofonicadominicana.com\/portal\/#\/schema\/person\/a5cf1fea13877803ee0573ac18b03490","name":"Potencia Radiof\u00f3nica Dominicana","image":{"@type":"ImageObject","inLanguage":"es","@id":"https:\/\/potenciaradiofonicadominicana.com\/portal\/#\/schema\/person\/image\/","url":"https:\/\/secure.gravatar.com\/avatar\/42a55ab9e8ccc656ba34cd791990602a?s=96&d=mm&r=g","contentUrl":"https:\/\/secure.gravatar.com\/avatar\/42a55ab9e8ccc656ba34cd791990602a?s=96&d=mm&r=g","caption":"Potencia Radiof\u00f3nica Dominicana"},"url":"https:\/\/potenciaradiofonicadominicana.com\/portal\/author\/johannyalmanzar\/"}]}},"_links":{"self":[{"href":"https:\/\/potenciaradiofonicadominicana.com\/portal\/wp-json\/wp\/v2\/posts\/111868","targetHints":{"allow":["GET"]}}],"collection":[{"href":"https:\/\/potenciaradiofonicadominicana.com\/portal\/wp-json\/wp\/v2\/posts"}],"about":[{"href":"https:\/\/potenciaradiofonicadominicana.com\/portal\/wp-json\/wp\/v2\/types\/post"}],"author":[{"embeddable":true,"href":"https:\/\/potenciaradiofonicadominicana.com\/portal\/wp-json\/wp\/v2\/users\/2"}],"replies":[{"embeddable":true,"href":"https:\/\/potenciaradiofonicadominicana.com\/portal\/wp-json\/wp\/v2\/comments?post=111868"}],"version-history":[{"count":1,"href":"https:\/\/potenciaradiofonicadominicana.com\/portal\/wp-json\/wp\/v2\/posts\/111868\/revisions"}],"predecessor-version":[{"id":111870,"href":"https:\/\/potenciaradiofonicadominicana.com\/portal\/wp-json\/wp\/v2\/posts\/111868\/revisions\/111870"}],"wp:featuredmedia":[{"embeddable":true,"href":"https:\/\/potenciaradiofonicadominicana.com\/portal\/wp-json\/wp\/v2\/media\/111869"}],"wp:attachment":[{"href":"https:\/\/potenciaradiofonicadominicana.com\/portal\/wp-json\/wp\/v2\/media?parent=111868"}],"wp:term":[{"taxonomy":"category","embeddable":true,"href":"https:\/\/potenciaradiofonicadominicana.com\/portal\/wp-json\/wp\/v2\/categories?post=111868"},{"taxonomy":"post_tag","embeddable":true,"href":"https:\/\/potenciaradiofonicadominicana.com\/portal\/wp-json\/wp\/v2\/tags?post=111868"}],"curies":[{"name":"wp","href":"https:\/\/api.w.org\/{rel}","templated":true}]}}