{"id":111865,"date":"2021-02-26T12:06:30","date_gmt":"2021-02-26T16:06:30","guid":{"rendered":"https:\/\/potenciaradiofonicadominicana.com\/portal\/?p=111865"},"modified":"2021-02-26T12:06:30","modified_gmt":"2021-02-26T16:06:30","slug":"seis-anos-tomo-llegar-al-pacto-electrico","status":"publish","type":"post","link":"https:\/\/potenciaradiofonicadominicana.com\/portal\/seis-anos-tomo-llegar-al-pacto-electrico\/","title":{"rendered":"Seis a\u00f1os tom\u00f3 llegar al pacto el\u00e9ctrico"},"content":{"rendered":"<p><a href=\"https:\/\/potenciaradiofonicadominicana.com\/portal\/wp-content\/uploads\/2021\/02\/seis-anos-tomo-llegar-al-pacto-electrico.jpeg\"><img loading=\"lazy\" decoding=\"async\" class=\"alignnone size-full wp-image-111866\" src=\"https:\/\/potenciaradiofonicadominicana.com\/portal\/wp-content\/uploads\/2021\/02\/seis-anos-tomo-llegar-al-pacto-electrico.jpeg\" alt=\"\" width=\"680\" height=\"453\" \/><\/a><\/p>\n<p>A pesar de no estar de acuerdo con \u201calgunos puntos\u201d del Pacto Nacio\u00adnal para la Reforma del Sector El\u00e9ctrico\u201d, el pre\u00adsidente Luis Abinader estamp\u00f3 su firma en el acuerdo que fue rubricado adem\u00e1s por representan\u00adtes del sector empresarial y los partidos pol\u00edticos.<\/p>\n<p>\u201cEste pacto no es perfec\u00adto, yo estoy en desacuerdo incluso con algunas partes que quisiera que avanz\u00e1\u00adramos m\u00e1s, pero es el po\u00adsible y, como explic\u00f3 el mi\u00adnistro Almonte (Antonio Almonte), los puntos que nosotros hab\u00edamos obje\u00adtado, ya los estamos apli\u00adcando como gobierno para tener la coherencia necesa\u00adria y cumplir con lo que no\u00adsotros pensamos que debe hacer y mejorar el sector el\u00e9ctrico\u201d refiri\u00f3 el Jefe de Estado.<\/p>\n<p>Durante el acuerdo que se firm\u00f3 entre el Gobierno, el sector empresarial y los partidos pol\u00edticos, el man\u00addatario explic\u00f3 que los pun\u00adtos con los que el Partido Revolucionario Moderno (PRM) no estaba de acuer\u00addo y que detuvieron la fir\u00adma de este acuerdo en el 2019, ya se est\u00e1n aplicando desde el Gobierno.<\/p>\n<p>Agreg\u00f3 que el gobier\u00adno no se opon\u00eda a lo que se hab\u00eda planteado, sino que solicitaban que se exten\u00addiera con acciones como la liquidaci\u00f3n de la Corpo\u00adraci\u00f3n Dominicana de Em\u00adpresas El\u00e9ctricas Estatales (CDEEE), la eliminar los Consejos, que se hicieran auditor\u00edas de las empreas distribuidoras (Edes) y al proyecto de Punta Catalina.<\/p>\n<p>El jefe de Estado asegur\u00f3, adem\u00e1s, que el d\u00e9ficit del sector el\u00e9ctrico es el respon\u00adsable de la mitad de la deu\u00adda del sector p\u00fablico no fi\u00adnanciero del pa\u00eds.<\/p>\n<p><strong>D\u00e9ficit cuesta<\/strong><\/p>\n<p><strong>RD$128,000 millones<\/strong><\/p>\n<p>\u201cEl pueblo dominicano tie\u00adne que saber, que el sec\u00adtor el\u00e9ctrico hoy es defici\u00adtario\u201d, refiri\u00f3 Abinader en su discurso puntualizan\u00addo que , en el presupuesto de este a\u00f1o se contempla\u00adron RD$128,000 millones para atender el d\u00e9ficit del sector, lo que dijo es insos\u00adtenible.<\/p>\n<p>Abinader destac\u00f3 la ener\u00adg\u00eda con la cuenta el pa\u00eds no es competitiva ni confiable, por eso expuso que atender el sector el\u00e9ctrico con res\u00adponsabilidad debe de ser objetivo de un Gobierno que quiera hacer cambios profundos.<\/p>\n<p>Anunci\u00f3 que en los pr\u00f3ximos d\u00edas se iniciar\u00e1 la licitaci\u00f3n de 800 megas de gas natural y energ\u00eda renovable con su dep\u00f3si\u00adto para iniciar un proyecto de producci\u00f3n de este tipo de energ\u00eda en Manzanillo, Monte Cristi.<\/p>\n<p><strong>EN PUNTOS<\/strong><\/p>\n<p><strong>10 contratos.<\/strong><\/p>\n<p>El ministro de Energ\u00eda y Minas, Antonio Almon\u00adte, revel\u00f3 que pr\u00f3xima\u00admente se iniciar\u00e1n unos diez contratos de com\u00adpraventa de energ\u00eda re\u00adnovable (solar y e\u00f3lica).<\/p>\n<p><strong>Empresas.<\/strong><\/p>\n<p>Almonte dijo que las empresas a las que se les adjudicar\u00e1n estos con\u00adtratos tienen concesio\u00adnes definitivas, algunas de ellas desde hace siete, seis y cinco a\u00f1os.<\/p>\n<p><strong>212 consensos.<\/strong><\/p>\n<p>De 2,297 propuestas hechas por los actores del pacto y solo se logra\u00adron alcanzar 212 con\u00adsensos, la mayor\u00eda en te\u00admas poco conflictivos. Casi tres a\u00f1os duraron las discusiones.<\/p>\n<p>&nbsp;<\/p>\n<p>&nbsp;<\/p>\n<p>&nbsp;<\/p>\n<p>Fuente<br \/>\nListin Diario<\/p>\n","protected":false},"excerpt":{"rendered":"<p>A pesar de no estar de acuerdo con \u201calgunos puntos\u201d del Pacto Nacio\u00adnal para la Reforma del Sector El\u00e9ctrico\u201d, el &#8230;<\/p>\n","protected":false},"author":2,"featured_media":111866,"comment_status":"open","ping_status":"open","sticky":false,"template":"","format":"standard","meta":{"footnotes":""},"categories":[26],"tags":[],"class_list":["post-111865","post","type-post","status-publish","format-standard","has-post-thumbnail","hentry","category-economia"],"yoast_head":"<!-- This site is optimized with the Yoast SEO plugin v24.8.1 - https:\/\/yoast.com\/wordpress\/plugins\/seo\/ -->\n<title>Seis a\u00f1os tom\u00f3 llegar al pacto el\u00e9ctrico - PotenciaRadiofonicaDominicana.com<\/title>\n<meta name=\"robots\" content=\"index, follow, max-snippet:-1, max-image-preview:large, max-video-preview:-1\" \/>\n<link rel=\"canonical\" href=\"https:\/\/potenciaradiofonicadominicana.com\/portal\/seis-anos-tomo-llegar-al-pacto-electrico\/\" \/>\n<meta property=\"og:locale\" content=\"es_ES\" \/>\n<meta property=\"og:type\" content=\"article\" \/>\n<meta property=\"og:title\" content=\"Seis a\u00f1os tom\u00f3 llegar al pacto el\u00e9ctrico - PotenciaRadiofonicaDominicana.com\" \/>\n<meta property=\"og:description\" content=\"A pesar de no estar de acuerdo con \u201calgunos puntos\u201d del Pacto Nacio\u00adnal para la Reforma del Sector El\u00e9ctrico\u201d, el ...\" \/>\n<meta property=\"og:url\" content=\"https:\/\/potenciaradiofonicadominicana.com\/portal\/seis-anos-tomo-llegar-al-pacto-electrico\/\" \/>\n<meta property=\"og:site_name\" content=\"PotenciaRadiofonicaDominicana.com\" \/>\n<meta property=\"article:publisher\" content=\"https:\/\/web.facebook.com\/PotenciaRadiofonicaD\" \/>\n<meta property=\"article:published_time\" content=\"2021-02-26T16:06:30+00:00\" \/>\n<meta property=\"og:image\" content=\"https:\/\/potenciaradiofonicadominicana.com\/portal\/wp-content\/uploads\/2021\/02\/seis-anos-tomo-llegar-al-pacto-electrico.jpeg\" \/>\n\t<meta property=\"og:image:width\" content=\"680\" \/>\n\t<meta property=\"og:image:height\" content=\"453\" \/>\n\t<meta property=\"og:image:type\" content=\"image\/jpeg\" \/>\n<meta name=\"author\" content=\"Potencia Radiof\u00f3nica Dominicana\" \/>\n<meta name=\"twitter:card\" content=\"summary_large_image\" \/>\n<meta name=\"twitter:label1\" content=\"Escrito por\" \/>\n\t<meta name=\"twitter:data1\" content=\"Potencia Radiof\u00f3nica Dominicana\" \/>\n\t<meta name=\"twitter:label2\" content=\"Tiempo de lectura\" \/>\n\t<meta name=\"twitter:data2\" content=\"3 minutos\" \/>\n<script type=\"application\/ld+json\" class=\"yoast-schema-graph\">{\"@context\":\"https:\/\/schema.org\",\"@graph\":[{\"@type\":\"Article\",\"@id\":\"https:\/\/potenciaradiofonicadominicana.com\/portal\/seis-anos-tomo-llegar-al-pacto-electrico\/#article\",\"isPartOf\":{\"@id\":\"https:\/\/potenciaradiofonicadominicana.com\/portal\/seis-anos-tomo-llegar-al-pacto-electrico\/\"},\"author\":{\"name\":\"Potencia Radiof\u00f3nica Dominicana\",\"@id\":\"https:\/\/potenciaradiofonicadominicana.com\/portal\/#\/schema\/person\/a5cf1fea13877803ee0573ac18b03490\"},\"headline\":\"Seis a\u00f1os tom\u00f3 llegar al pacto el\u00e9ctrico\",\"datePublished\":\"2021-02-26T16:06:30+00:00\",\"mainEntityOfPage\":{\"@id\":\"https:\/\/potenciaradiofonicadominicana.com\/portal\/seis-anos-tomo-llegar-al-pacto-electrico\/\"},\"wordCount\":535,\"commentCount\":0,\"publisher\":{\"@id\":\"https:\/\/potenciaradiofonicadominicana.com\/portal\/#organization\"},\"image\":{\"@id\":\"https:\/\/potenciaradiofonicadominicana.com\/portal\/seis-anos-tomo-llegar-al-pacto-electrico\/#primaryimage\"},\"thumbnailUrl\":\"https:\/\/potenciaradiofonicadominicana.com\/portal\/wp-content\/uploads\/2021\/02\/seis-anos-tomo-llegar-al-pacto-electrico.jpeg\",\"articleSection\":[\"Econom\u00eda\"],\"inLanguage\":\"es\",\"potentialAction\":[{\"@type\":\"CommentAction\",\"name\":\"Comment\",\"target\":[\"https:\/\/potenciaradiofonicadominicana.com\/portal\/seis-anos-tomo-llegar-al-pacto-electrico\/#respond\"]}]},{\"@type\":\"WebPage\",\"@id\":\"https:\/\/potenciaradiofonicadominicana.com\/portal\/seis-anos-tomo-llegar-al-pacto-electrico\/\",\"url\":\"https:\/\/potenciaradiofonicadominicana.com\/portal\/seis-anos-tomo-llegar-al-pacto-electrico\/\",\"name\":\"Seis a\u00f1os tom\u00f3 llegar al pacto el\u00e9ctrico - PotenciaRadiofonicaDominicana.com\",\"isPartOf\":{\"@id\":\"https:\/\/potenciaradiofonicadominicana.com\/portal\/#website\"},\"primaryImageOfPage\":{\"@id\":\"https:\/\/potenciaradiofonicadominicana.com\/portal\/seis-anos-tomo-llegar-al-pacto-electrico\/#primaryimage\"},\"image\":{\"@id\":\"https:\/\/potenciaradiofonicadominicana.com\/portal\/seis-anos-tomo-llegar-al-pacto-electrico\/#primaryimage\"},\"thumbnailUrl\":\"https:\/\/potenciaradiofonicadominicana.com\/portal\/wp-content\/uploads\/2021\/02\/seis-anos-tomo-llegar-al-pacto-electrico.jpeg\",\"datePublished\":\"2021-02-26T16:06:30+00:00\",\"breadcrumb\":{\"@id\":\"https:\/\/potenciaradiofonicadominicana.com\/portal\/seis-anos-tomo-llegar-al-pacto-electrico\/#breadcrumb\"},\"inLanguage\":\"es\",\"potentialAction\":[{\"@type\":\"ReadAction\",\"target\":[\"https:\/\/potenciaradiofonicadominicana.com\/portal\/seis-anos-tomo-llegar-al-pacto-electrico\/\"]}]},{\"@type\":\"ImageObject\",\"inLanguage\":\"es\",\"@id\":\"https:\/\/potenciaradiofonicadominicana.com\/portal\/seis-anos-tomo-llegar-al-pacto-electrico\/#primaryimage\",\"url\":\"https:\/\/potenciaradiofonicadominicana.com\/portal\/wp-content\/uploads\/2021\/02\/seis-anos-tomo-llegar-al-pacto-electrico.jpeg\",\"contentUrl\":\"https:\/\/potenciaradiofonicadominicana.com\/portal\/wp-content\/uploads\/2021\/02\/seis-anos-tomo-llegar-al-pacto-electrico.jpeg\",\"width\":680,\"height\":453},{\"@type\":\"BreadcrumbList\",\"@id\":\"https:\/\/potenciaradiofonicadominicana.com\/portal\/seis-anos-tomo-llegar-al-pacto-electrico\/#breadcrumb\",\"itemListElement\":[{\"@type\":\"ListItem\",\"position\":1,\"name\":\"Portada\",\"item\":\"https:\/\/potenciaradiofonicadominicana.com\/portal\/\"},{\"@type\":\"ListItem\",\"position\":2,\"name\":\"Seis a\u00f1os tom\u00f3 llegar al pacto el\u00e9ctrico\"}]},{\"@type\":\"WebSite\",\"@id\":\"https:\/\/potenciaradiofonicadominicana.com\/portal\/#website\",\"url\":\"https:\/\/potenciaradiofonicadominicana.com\/portal\/\",\"name\":\"PotenciaRadiofonicaDominicana.com\",\"description\":\"Peri\u00f3dico Digital\",\"publisher\":{\"@id\":\"https:\/\/potenciaradiofonicadominicana.com\/portal\/#organization\"},\"potentialAction\":[{\"@type\":\"SearchAction\",\"target\":{\"@type\":\"EntryPoint\",\"urlTemplate\":\"https:\/\/potenciaradiofonicadominicana.com\/portal\/?s={search_term_string}\"},\"query-input\":{\"@type\":\"PropertyValueSpecification\",\"valueRequired\":true,\"valueName\":\"search_term_string\"}}],\"inLanguage\":\"es\"},{\"@type\":\"Organization\",\"@id\":\"https:\/\/potenciaradiofonicadominicana.com\/portal\/#organization\",\"name\":\"PotenciaRadiofonicaDominicana.com\",\"url\":\"https:\/\/potenciaradiofonicadominicana.com\/portal\/\",\"logo\":{\"@type\":\"ImageObject\",\"inLanguage\":\"es\",\"@id\":\"https:\/\/potenciaradiofonicadominicana.com\/portal\/#\/schema\/logo\/image\/\",\"url\":\"https:\/\/potenciaradiofonicadominicana.com\/portal\/wp-content\/uploads\/2022\/01\/descarga.png\",\"contentUrl\":\"https:\/\/potenciaradiofonicadominicana.com\/portal\/wp-content\/uploads\/2022\/01\/descarga.png\",\"width\":300,\"height\":100,\"caption\":\"PotenciaRadiofonicaDominicana.com\"},\"image\":{\"@id\":\"https:\/\/potenciaradiofonicadominicana.com\/portal\/#\/schema\/logo\/image\/\"},\"sameAs\":[\"https:\/\/web.facebook.com\/PotenciaRadiofonicaD\"]},{\"@type\":\"Person\",\"@id\":\"https:\/\/potenciaradiofonicadominicana.com\/portal\/#\/schema\/person\/a5cf1fea13877803ee0573ac18b03490\",\"name\":\"Potencia Radiof\u00f3nica Dominicana\",\"image\":{\"@type\":\"ImageObject\",\"inLanguage\":\"es\",\"@id\":\"https:\/\/potenciaradiofonicadominicana.com\/portal\/#\/schema\/person\/image\/\",\"url\":\"https:\/\/secure.gravatar.com\/avatar\/42a55ab9e8ccc656ba34cd791990602a?s=96&d=mm&r=g\",\"contentUrl\":\"https:\/\/secure.gravatar.com\/avatar\/42a55ab9e8ccc656ba34cd791990602a?s=96&d=mm&r=g\",\"caption\":\"Potencia Radiof\u00f3nica Dominicana\"},\"url\":\"https:\/\/potenciaradiofonicadominicana.com\/portal\/author\/johannyalmanzar\/\"}]}<\/script>\n<!-- \/ Yoast SEO plugin. -->","yoast_head_json":{"title":"Seis a\u00f1os tom\u00f3 llegar al pacto el\u00e9ctrico - PotenciaRadiofonicaDominicana.com","robots":{"index":"index","follow":"follow","max-snippet":"max-snippet:-1","max-image-preview":"max-image-preview:large","max-video-preview":"max-video-preview:-1"},"canonical":"https:\/\/potenciaradiofonicadominicana.com\/portal\/seis-anos-tomo-llegar-al-pacto-electrico\/","og_locale":"es_ES","og_type":"article","og_title":"Seis a\u00f1os tom\u00f3 llegar al pacto el\u00e9ctrico - PotenciaRadiofonicaDominicana.com","og_description":"A pesar de no estar de acuerdo con \u201calgunos puntos\u201d del Pacto Nacio\u00adnal para la Reforma del Sector El\u00e9ctrico\u201d, el ...","og_url":"https:\/\/potenciaradiofonicadominicana.com\/portal\/seis-anos-tomo-llegar-al-pacto-electrico\/","og_site_name":"PotenciaRadiofonicaDominicana.com","article_publisher":"https:\/\/web.facebook.com\/PotenciaRadiofonicaD","article_published_time":"2021-02-26T16:06:30+00:00","og_image":[{"width":680,"height":453,"url":"https:\/\/potenciaradiofonicadominicana.com\/portal\/wp-content\/uploads\/2021\/02\/seis-anos-tomo-llegar-al-pacto-electrico.jpeg","type":"image\/jpeg"}],"author":"Potencia Radiof\u00f3nica Dominicana","twitter_card":"summary_large_image","twitter_misc":{"Escrito por":"Potencia Radiof\u00f3nica Dominicana","Tiempo de lectura":"3 minutos"},"schema":{"@context":"https:\/\/schema.org","@graph":[{"@type":"Article","@id":"https:\/\/potenciaradiofonicadominicana.com\/portal\/seis-anos-tomo-llegar-al-pacto-electrico\/#article","isPartOf":{"@id":"https:\/\/potenciaradiofonicadominicana.com\/portal\/seis-anos-tomo-llegar-al-pacto-electrico\/"},"author":{"name":"Potencia Radiof\u00f3nica Dominicana","@id":"https:\/\/potenciaradiofonicadominicana.com\/portal\/#\/schema\/person\/a5cf1fea13877803ee0573ac18b03490"},"headline":"Seis a\u00f1os tom\u00f3 llegar al pacto el\u00e9ctrico","datePublished":"2021-02-26T16:06:30+00:00","mainEntityOfPage":{"@id":"https:\/\/potenciaradiofonicadominicana.com\/portal\/seis-anos-tomo-llegar-al-pacto-electrico\/"},"wordCount":535,"commentCount":0,"publisher":{"@id":"https:\/\/potenciaradiofonicadominicana.com\/portal\/#organization"},"image":{"@id":"https:\/\/potenciaradiofonicadominicana.com\/portal\/seis-anos-tomo-llegar-al-pacto-electrico\/#primaryimage"},"thumbnailUrl":"https:\/\/potenciaradiofonicadominicana.com\/portal\/wp-content\/uploads\/2021\/02\/seis-anos-tomo-llegar-al-pacto-electrico.jpeg","articleSection":["Econom\u00eda"],"inLanguage":"es","potentialAction":[{"@type":"CommentAction","name":"Comment","target":["https:\/\/potenciaradiofonicadominicana.com\/portal\/seis-anos-tomo-llegar-al-pacto-electrico\/#respond"]}]},{"@type":"WebPage","@id":"https:\/\/potenciaradiofonicadominicana.com\/portal\/seis-anos-tomo-llegar-al-pacto-electrico\/","url":"https:\/\/potenciaradiofonicadominicana.com\/portal\/seis-anos-tomo-llegar-al-pacto-electrico\/","name":"Seis a\u00f1os tom\u00f3 llegar al pacto el\u00e9ctrico - PotenciaRadiofonicaDominicana.com","isPartOf":{"@id":"https:\/\/potenciaradiofonicadominicana.com\/portal\/#website"},"primaryImageOfPage":{"@id":"https:\/\/potenciaradiofonicadominicana.com\/portal\/seis-anos-tomo-llegar-al-pacto-electrico\/#primaryimage"},"image":{"@id":"https:\/\/potenciaradiofonicadominicana.com\/portal\/seis-anos-tomo-llegar-al-pacto-electrico\/#primaryimage"},"thumbnailUrl":"https:\/\/potenciaradiofonicadominicana.com\/portal\/wp-content\/uploads\/2021\/02\/seis-anos-tomo-llegar-al-pacto-electrico.jpeg","datePublished":"2021-02-26T16:06:30+00:00","breadcrumb":{"@id":"https:\/\/potenciaradiofonicadominicana.com\/portal\/seis-anos-tomo-llegar-al-pacto-electrico\/#breadcrumb"},"inLanguage":"es","potentialAction":[{"@type":"ReadAction","target":["https:\/\/potenciaradiofonicadominicana.com\/portal\/seis-anos-tomo-llegar-al-pacto-electrico\/"]}]},{"@type":"ImageObject","inLanguage":"es","@id":"https:\/\/potenciaradiofonicadominicana.com\/portal\/seis-anos-tomo-llegar-al-pacto-electrico\/#primaryimage","url":"https:\/\/potenciaradiofonicadominicana.com\/portal\/wp-content\/uploads\/2021\/02\/seis-anos-tomo-llegar-al-pacto-electrico.jpeg","contentUrl":"https:\/\/potenciaradiofonicadominicana.com\/portal\/wp-content\/uploads\/2021\/02\/seis-anos-tomo-llegar-al-pacto-electrico.jpeg","width":680,"height":453},{"@type":"BreadcrumbList","@id":"https:\/\/potenciaradiofonicadominicana.com\/portal\/seis-anos-tomo-llegar-al-pacto-electrico\/#breadcrumb","itemListElement":[{"@type":"ListItem","position":1,"name":"Portada","item":"https:\/\/potenciaradiofonicadominicana.com\/portal\/"},{"@type":"ListItem","position":2,"name":"Seis a\u00f1os tom\u00f3 llegar al pacto el\u00e9ctrico"}]},{"@type":"WebSite","@id":"https:\/\/potenciaradiofonicadominicana.com\/portal\/#website","url":"https:\/\/potenciaradiofonicadominicana.com\/portal\/","name":"PotenciaRadiofonicaDominicana.com","description":"Peri\u00f3dico Digital","publisher":{"@id":"https:\/\/potenciaradiofonicadominicana.com\/portal\/#organization"},"potentialAction":[{"@type":"SearchAction","target":{"@type":"EntryPoint","urlTemplate":"https:\/\/potenciaradiofonicadominicana.com\/portal\/?s={search_term_string}"},"query-input":{"@type":"PropertyValueSpecification","valueRequired":true,"valueName":"search_term_string"}}],"inLanguage":"es"},{"@type":"Organization","@id":"https:\/\/potenciaradiofonicadominicana.com\/portal\/#organization","name":"PotenciaRadiofonicaDominicana.com","url":"https:\/\/potenciaradiofonicadominicana.com\/portal\/","logo":{"@type":"ImageObject","inLanguage":"es","@id":"https:\/\/potenciaradiofonicadominicana.com\/portal\/#\/schema\/logo\/image\/","url":"https:\/\/potenciaradiofonicadominicana.com\/portal\/wp-content\/uploads\/2022\/01\/descarga.png","contentUrl":"https:\/\/potenciaradiofonicadominicana.com\/portal\/wp-content\/uploads\/2022\/01\/descarga.png","width":300,"height":100,"caption":"PotenciaRadiofonicaDominicana.com"},"image":{"@id":"https:\/\/potenciaradiofonicadominicana.com\/portal\/#\/schema\/logo\/image\/"},"sameAs":["https:\/\/web.facebook.com\/PotenciaRadiofonicaD"]},{"@type":"Person","@id":"https:\/\/potenciaradiofonicadominicana.com\/portal\/#\/schema\/person\/a5cf1fea13877803ee0573ac18b03490","name":"Potencia Radiof\u00f3nica Dominicana","image":{"@type":"ImageObject","inLanguage":"es","@id":"https:\/\/potenciaradiofonicadominicana.com\/portal\/#\/schema\/person\/image\/","url":"https:\/\/secure.gravatar.com\/avatar\/42a55ab9e8ccc656ba34cd791990602a?s=96&d=mm&r=g","contentUrl":"https:\/\/secure.gravatar.com\/avatar\/42a55ab9e8ccc656ba34cd791990602a?s=96&d=mm&r=g","caption":"Potencia Radiof\u00f3nica Dominicana"},"url":"https:\/\/potenciaradiofonicadominicana.com\/portal\/author\/johannyalmanzar\/"}]}},"_links":{"self":[{"href":"https:\/\/potenciaradiofonicadominicana.com\/portal\/wp-json\/wp\/v2\/posts\/111865","targetHints":{"allow":["GET"]}}],"collection":[{"href":"https:\/\/potenciaradiofonicadominicana.com\/portal\/wp-json\/wp\/v2\/posts"}],"about":[{"href":"https:\/\/potenciaradiofonicadominicana.com\/portal\/wp-json\/wp\/v2\/types\/post"}],"author":[{"embeddable":true,"href":"https:\/\/potenciaradiofonicadominicana.com\/portal\/wp-json\/wp\/v2\/users\/2"}],"replies":[{"embeddable":true,"href":"https:\/\/potenciaradiofonicadominicana.com\/portal\/wp-json\/wp\/v2\/comments?post=111865"}],"version-history":[{"count":1,"href":"https:\/\/potenciaradiofonicadominicana.com\/portal\/wp-json\/wp\/v2\/posts\/111865\/revisions"}],"predecessor-version":[{"id":111867,"href":"https:\/\/potenciaradiofonicadominicana.com\/portal\/wp-json\/wp\/v2\/posts\/111865\/revisions\/111867"}],"wp:featuredmedia":[{"embeddable":true,"href":"https:\/\/potenciaradiofonicadominicana.com\/portal\/wp-json\/wp\/v2\/media\/111866"}],"wp:attachment":[{"href":"https:\/\/potenciaradiofonicadominicana.com\/portal\/wp-json\/wp\/v2\/media?parent=111865"}],"wp:term":[{"taxonomy":"category","embeddable":true,"href":"https:\/\/potenciaradiofonicadominicana.com\/portal\/wp-json\/wp\/v2\/categories?post=111865"},{"taxonomy":"post_tag","embeddable":true,"href":"https:\/\/potenciaradiofonicadominicana.com\/portal\/wp-json\/wp\/v2\/tags?post=111865"}],"curies":[{"name":"wp","href":"https:\/\/api.w.org\/{rel}","templated":true}]}}