{"id":111850,"date":"2021-02-26T11:50:34","date_gmt":"2021-02-26T15:50:34","guid":{"rendered":"https:\/\/potenciaradiofonicadominicana.com\/portal\/?p=111850"},"modified":"2021-02-26T11:50:34","modified_gmt":"2021-02-26T15:50:34","slug":"fallece-el-cuarto-hombre-mas-rico-de-alemania-dejando-20-000-millones-de-dolares-de-herencia","status":"publish","type":"post","link":"https:\/\/potenciaradiofonicadominicana.com\/portal\/fallece-el-cuarto-hombre-mas-rico-de-alemania-dejando-20-000-millones-de-dolares-de-herencia\/","title":{"rendered":"Fallece el cuarto hombre m\u00e1s rico de Alemania dejando 20.000 millones de d\u00f3lares de herencia"},"content":{"rendered":"<p><a href=\"https:\/\/potenciaradiofonicadominicana.com\/portal\/wp-content\/uploads\/2021\/02\/ced09f95-6038f80b59bf5b4a6c4eb232-60390a439895d-640x361.jpg\"><img loading=\"lazy\" decoding=\"async\" class=\"alignnone size-full wp-image-111851\" src=\"https:\/\/potenciaradiofonicadominicana.com\/portal\/wp-content\/uploads\/2021\/02\/ced09f95-6038f80b59bf5b4a6c4eb232-60390a439895d-640x361.jpg\" alt=\"\" width=\"640\" height=\"361\" \/><\/a><\/p>\n<p>El multimillonario alem\u00e1n Heinz Hermann Thiele falleci\u00f3 este jueves a los 79 a\u00f1os de edad en M\u00fanich,\u00a0comunic\u00f3\u00a0la compa\u00f1\u00eda Knorr-Bremse AG, cuyo consejo ejecutivo presid\u00eda el fallecido.<\/p>\n<div id=\"vidoomy\"><\/div>\n<p>Despu\u00e9s de que su casa fuera destruida durante\u00a0la II Guerra Mundial, la familia de Thiele vivi\u00f3 una situaci\u00f3n dif\u00edcil, lo que no impidi\u00f3 que este estudiara derecho.\u00a0En 1969, poco despu\u00e9s de graduarse de la Universidad de M\u00fanich, fue empleado como jurista en Knorr-Bremse, entonces una compa\u00f1\u00eda de tama\u00f1o medio. All\u00ed progres\u00f3 r\u00e1pidamente y en 1987 empez\u00f3 a encabezar su\u00a0consejo ejecutivo.<\/p>\n<p>Su patrimonio se eval\u00faa en 20.200 millones de d\u00f3lares e incluye el 59 % de las acciones de Knorr-Bremse y el 50 % del fabricante de equipos ferroviarios Vossloh,\u00a0recoge\u00a0Bloomberg. Thiele ocupaba el puesto 97 en la lista de personas m\u00e1s ricas del mundo y pose\u00eda la cuarta mayor fortuna de Alemania.<\/p>\n<p>Todav\u00eda no se sabe c\u00f3mo la familia dividir\u00e1 la herencia. Entre tanto, el impuesto de sucesi\u00f3n en el pa\u00eds germano puede alcanzar el 50 %.<\/p>\n<p>&nbsp;<\/p>\n<p>&nbsp;<\/p>\n<p>&nbsp;<\/p>\n<p>Fuente<br \/>\nEl Caribe<\/p>\n","protected":false},"excerpt":{"rendered":"<p>El multimillonario alem\u00e1n Heinz Hermann Thiele falleci\u00f3 este jueves a los 79 a\u00f1os de edad en M\u00fanich,\u00a0comunic\u00f3\u00a0la compa\u00f1\u00eda Knorr-Bremse AG, &#8230;<\/p>\n","protected":false},"author":2,"featured_media":111851,"comment_status":"open","ping_status":"open","sticky":false,"template":"","format":"standard","meta":{"footnotes":""},"categories":[30],"tags":[],"class_list":["post-111850","post","type-post","status-publish","format-standard","has-post-thumbnail","hentry","category-internacional"],"yoast_head":"<!-- This site is optimized with the Yoast SEO plugin v24.8.1 - https:\/\/yoast.com\/wordpress\/plugins\/seo\/ -->\n<title>Fallece el cuarto hombre m\u00e1s rico de Alemania dejando 20.000 millones de d\u00f3lares de herencia - PotenciaRadiofonicaDominicana.com<\/title>\n<meta name=\"robots\" content=\"index, follow, max-snippet:-1, max-image-preview:large, max-video-preview:-1\" \/>\n<link rel=\"canonical\" href=\"https:\/\/potenciaradiofonicadominicana.com\/portal\/fallece-el-cuarto-hombre-mas-rico-de-alemania-dejando-20-000-millones-de-dolares-de-herencia\/\" \/>\n<meta property=\"og:locale\" content=\"es_ES\" \/>\n<meta property=\"og:type\" content=\"article\" \/>\n<meta property=\"og:title\" content=\"Fallece el cuarto hombre m\u00e1s rico de Alemania dejando 20.000 millones de d\u00f3lares de herencia - PotenciaRadiofonicaDominicana.com\" \/>\n<meta property=\"og:description\" content=\"El multimillonario alem\u00e1n Heinz Hermann Thiele falleci\u00f3 este jueves a los 79 a\u00f1os de edad en M\u00fanich,\u00a0comunic\u00f3\u00a0la compa\u00f1\u00eda Knorr-Bremse AG, ...\" \/>\n<meta property=\"og:url\" content=\"https:\/\/potenciaradiofonicadominicana.com\/portal\/fallece-el-cuarto-hombre-mas-rico-de-alemania-dejando-20-000-millones-de-dolares-de-herencia\/\" \/>\n<meta property=\"og:site_name\" content=\"PotenciaRadiofonicaDominicana.com\" \/>\n<meta property=\"article:publisher\" content=\"https:\/\/web.facebook.com\/PotenciaRadiofonicaD\" \/>\n<meta property=\"article:published_time\" content=\"2021-02-26T15:50:34+00:00\" \/>\n<meta property=\"og:image\" content=\"https:\/\/potenciaradiofonicadominicana.com\/portal\/wp-content\/uploads\/2021\/02\/ced09f95-6038f80b59bf5b4a6c4eb232-60390a439895d-640x361.jpg\" \/>\n\t<meta property=\"og:image:width\" content=\"640\" \/>\n\t<meta property=\"og:image:height\" content=\"361\" \/>\n\t<meta property=\"og:image:type\" content=\"image\/jpeg\" \/>\n<meta name=\"author\" content=\"Potencia Radiof\u00f3nica Dominicana\" \/>\n<meta name=\"twitter:card\" content=\"summary_large_image\" \/>\n<meta name=\"twitter:label1\" content=\"Escrito por\" \/>\n\t<meta name=\"twitter:data1\" content=\"Potencia Radiof\u00f3nica Dominicana\" \/>\n\t<meta name=\"twitter:label2\" content=\"Tiempo de lectura\" \/>\n\t<meta name=\"twitter:data2\" content=\"1 minuto\" \/>\n<script type=\"application\/ld+json\" class=\"yoast-schema-graph\">{\"@context\":\"https:\/\/schema.org\",\"@graph\":[{\"@type\":\"Article\",\"@id\":\"https:\/\/potenciaradiofonicadominicana.com\/portal\/fallece-el-cuarto-hombre-mas-rico-de-alemania-dejando-20-000-millones-de-dolares-de-herencia\/#article\",\"isPartOf\":{\"@id\":\"https:\/\/potenciaradiofonicadominicana.com\/portal\/fallece-el-cuarto-hombre-mas-rico-de-alemania-dejando-20-000-millones-de-dolares-de-herencia\/\"},\"author\":{\"name\":\"Potencia Radiof\u00f3nica Dominicana\",\"@id\":\"https:\/\/potenciaradiofonicadominicana.com\/portal\/#\/schema\/person\/a5cf1fea13877803ee0573ac18b03490\"},\"headline\":\"Fallece el cuarto hombre m\u00e1s rico de Alemania dejando 20.000 millones de d\u00f3lares de herencia\",\"datePublished\":\"2021-02-26T15:50:34+00:00\",\"mainEntityOfPage\":{\"@id\":\"https:\/\/potenciaradiofonicadominicana.com\/portal\/fallece-el-cuarto-hombre-mas-rico-de-alemania-dejando-20-000-millones-de-dolares-de-herencia\/\"},\"wordCount\":201,\"commentCount\":0,\"publisher\":{\"@id\":\"https:\/\/potenciaradiofonicadominicana.com\/portal\/#organization\"},\"image\":{\"@id\":\"https:\/\/potenciaradiofonicadominicana.com\/portal\/fallece-el-cuarto-hombre-mas-rico-de-alemania-dejando-20-000-millones-de-dolares-de-herencia\/#primaryimage\"},\"thumbnailUrl\":\"https:\/\/potenciaradiofonicadominicana.com\/portal\/wp-content\/uploads\/2021\/02\/ced09f95-6038f80b59bf5b4a6c4eb232-60390a439895d-640x361.jpg\",\"articleSection\":[\"Internacional\"],\"inLanguage\":\"es\",\"potentialAction\":[{\"@type\":\"CommentAction\",\"name\":\"Comment\",\"target\":[\"https:\/\/potenciaradiofonicadominicana.com\/portal\/fallece-el-cuarto-hombre-mas-rico-de-alemania-dejando-20-000-millones-de-dolares-de-herencia\/#respond\"]}]},{\"@type\":\"WebPage\",\"@id\":\"https:\/\/potenciaradiofonicadominicana.com\/portal\/fallece-el-cuarto-hombre-mas-rico-de-alemania-dejando-20-000-millones-de-dolares-de-herencia\/\",\"url\":\"https:\/\/potenciaradiofonicadominicana.com\/portal\/fallece-el-cuarto-hombre-mas-rico-de-alemania-dejando-20-000-millones-de-dolares-de-herencia\/\",\"name\":\"Fallece el cuarto hombre m\u00e1s rico de Alemania dejando 20.000 millones de d\u00f3lares de herencia - PotenciaRadiofonicaDominicana.com\",\"isPartOf\":{\"@id\":\"https:\/\/potenciaradiofonicadominicana.com\/portal\/#website\"},\"primaryImageOfPage\":{\"@id\":\"https:\/\/potenciaradiofonicadominicana.com\/portal\/fallece-el-cuarto-hombre-mas-rico-de-alemania-dejando-20-000-millones-de-dolares-de-herencia\/#primaryimage\"},\"image\":{\"@id\":\"https:\/\/potenciaradiofonicadominicana.com\/portal\/fallece-el-cuarto-hombre-mas-rico-de-alemania-dejando-20-000-millones-de-dolares-de-herencia\/#primaryimage\"},\"thumbnailUrl\":\"https:\/\/potenciaradiofonicadominicana.com\/portal\/wp-content\/uploads\/2021\/02\/ced09f95-6038f80b59bf5b4a6c4eb232-60390a439895d-640x361.jpg\",\"datePublished\":\"2021-02-26T15:50:34+00:00\",\"breadcrumb\":{\"@id\":\"https:\/\/potenciaradiofonicadominicana.com\/portal\/fallece-el-cuarto-hombre-mas-rico-de-alemania-dejando-20-000-millones-de-dolares-de-herencia\/#breadcrumb\"},\"inLanguage\":\"es\",\"potentialAction\":[{\"@type\":\"ReadAction\",\"target\":[\"https:\/\/potenciaradiofonicadominicana.com\/portal\/fallece-el-cuarto-hombre-mas-rico-de-alemania-dejando-20-000-millones-de-dolares-de-herencia\/\"]}]},{\"@type\":\"ImageObject\",\"inLanguage\":\"es\",\"@id\":\"https:\/\/potenciaradiofonicadominicana.com\/portal\/fallece-el-cuarto-hombre-mas-rico-de-alemania-dejando-20-000-millones-de-dolares-de-herencia\/#primaryimage\",\"url\":\"https:\/\/potenciaradiofonicadominicana.com\/portal\/wp-content\/uploads\/2021\/02\/ced09f95-6038f80b59bf5b4a6c4eb232-60390a439895d-640x361.jpg\",\"contentUrl\":\"https:\/\/potenciaradiofonicadominicana.com\/portal\/wp-content\/uploads\/2021\/02\/ced09f95-6038f80b59bf5b4a6c4eb232-60390a439895d-640x361.jpg\",\"width\":640,\"height\":361},{\"@type\":\"BreadcrumbList\",\"@id\":\"https:\/\/potenciaradiofonicadominicana.com\/portal\/fallece-el-cuarto-hombre-mas-rico-de-alemania-dejando-20-000-millones-de-dolares-de-herencia\/#breadcrumb\",\"itemListElement\":[{\"@type\":\"ListItem\",\"position\":1,\"name\":\"Portada\",\"item\":\"https:\/\/potenciaradiofonicadominicana.com\/portal\/\"},{\"@type\":\"ListItem\",\"position\":2,\"name\":\"Fallece el cuarto hombre m\u00e1s rico de Alemania dejando 20.000 millones de d\u00f3lares de herencia\"}]},{\"@type\":\"WebSite\",\"@id\":\"https:\/\/potenciaradiofonicadominicana.com\/portal\/#website\",\"url\":\"https:\/\/potenciaradiofonicadominicana.com\/portal\/\",\"name\":\"PotenciaRadiofonicaDominicana.com\",\"description\":\"Peri\u00f3dico Digital\",\"publisher\":{\"@id\":\"https:\/\/potenciaradiofonicadominicana.com\/portal\/#organization\"},\"potentialAction\":[{\"@type\":\"SearchAction\",\"target\":{\"@type\":\"EntryPoint\",\"urlTemplate\":\"https:\/\/potenciaradiofonicadominicana.com\/portal\/?s={search_term_string}\"},\"query-input\":{\"@type\":\"PropertyValueSpecification\",\"valueRequired\":true,\"valueName\":\"search_term_string\"}}],\"inLanguage\":\"es\"},{\"@type\":\"Organization\",\"@id\":\"https:\/\/potenciaradiofonicadominicana.com\/portal\/#organization\",\"name\":\"PotenciaRadiofonicaDominicana.com\",\"url\":\"https:\/\/potenciaradiofonicadominicana.com\/portal\/\",\"logo\":{\"@type\":\"ImageObject\",\"inLanguage\":\"es\",\"@id\":\"https:\/\/potenciaradiofonicadominicana.com\/portal\/#\/schema\/logo\/image\/\",\"url\":\"https:\/\/potenciaradiofonicadominicana.com\/portal\/wp-content\/uploads\/2022\/01\/descarga.png\",\"contentUrl\":\"https:\/\/potenciaradiofonicadominicana.com\/portal\/wp-content\/uploads\/2022\/01\/descarga.png\",\"width\":300,\"height\":100,\"caption\":\"PotenciaRadiofonicaDominicana.com\"},\"image\":{\"@id\":\"https:\/\/potenciaradiofonicadominicana.com\/portal\/#\/schema\/logo\/image\/\"},\"sameAs\":[\"https:\/\/web.facebook.com\/PotenciaRadiofonicaD\"]},{\"@type\":\"Person\",\"@id\":\"https:\/\/potenciaradiofonicadominicana.com\/portal\/#\/schema\/person\/a5cf1fea13877803ee0573ac18b03490\",\"name\":\"Potencia Radiof\u00f3nica Dominicana\",\"image\":{\"@type\":\"ImageObject\",\"inLanguage\":\"es\",\"@id\":\"https:\/\/potenciaradiofonicadominicana.com\/portal\/#\/schema\/person\/image\/\",\"url\":\"https:\/\/secure.gravatar.com\/avatar\/42a55ab9e8ccc656ba34cd791990602a?s=96&d=mm&r=g\",\"contentUrl\":\"https:\/\/secure.gravatar.com\/avatar\/42a55ab9e8ccc656ba34cd791990602a?s=96&d=mm&r=g\",\"caption\":\"Potencia Radiof\u00f3nica Dominicana\"},\"url\":\"https:\/\/potenciaradiofonicadominicana.com\/portal\/author\/johannyalmanzar\/\"}]}<\/script>\n<!-- \/ Yoast SEO plugin. -->","yoast_head_json":{"title":"Fallece el cuarto hombre m\u00e1s rico de Alemania dejando 20.000 millones de d\u00f3lares de herencia - PotenciaRadiofonicaDominicana.com","robots":{"index":"index","follow":"follow","max-snippet":"max-snippet:-1","max-image-preview":"max-image-preview:large","max-video-preview":"max-video-preview:-1"},"canonical":"https:\/\/potenciaradiofonicadominicana.com\/portal\/fallece-el-cuarto-hombre-mas-rico-de-alemania-dejando-20-000-millones-de-dolares-de-herencia\/","og_locale":"es_ES","og_type":"article","og_title":"Fallece el cuarto hombre m\u00e1s rico de Alemania dejando 20.000 millones de d\u00f3lares de herencia - PotenciaRadiofonicaDominicana.com","og_description":"El multimillonario alem\u00e1n Heinz Hermann Thiele falleci\u00f3 este jueves a los 79 a\u00f1os de edad en M\u00fanich,\u00a0comunic\u00f3\u00a0la compa\u00f1\u00eda Knorr-Bremse AG, ...","og_url":"https:\/\/potenciaradiofonicadominicana.com\/portal\/fallece-el-cuarto-hombre-mas-rico-de-alemania-dejando-20-000-millones-de-dolares-de-herencia\/","og_site_name":"PotenciaRadiofonicaDominicana.com","article_publisher":"https:\/\/web.facebook.com\/PotenciaRadiofonicaD","article_published_time":"2021-02-26T15:50:34+00:00","og_image":[{"width":640,"height":361,"url":"https:\/\/potenciaradiofonicadominicana.com\/portal\/wp-content\/uploads\/2021\/02\/ced09f95-6038f80b59bf5b4a6c4eb232-60390a439895d-640x361.jpg","type":"image\/jpeg"}],"author":"Potencia Radiof\u00f3nica Dominicana","twitter_card":"summary_large_image","twitter_misc":{"Escrito por":"Potencia Radiof\u00f3nica Dominicana","Tiempo de lectura":"1 minuto"},"schema":{"@context":"https:\/\/schema.org","@graph":[{"@type":"Article","@id":"https:\/\/potenciaradiofonicadominicana.com\/portal\/fallece-el-cuarto-hombre-mas-rico-de-alemania-dejando-20-000-millones-de-dolares-de-herencia\/#article","isPartOf":{"@id":"https:\/\/potenciaradiofonicadominicana.com\/portal\/fallece-el-cuarto-hombre-mas-rico-de-alemania-dejando-20-000-millones-de-dolares-de-herencia\/"},"author":{"name":"Potencia Radiof\u00f3nica Dominicana","@id":"https:\/\/potenciaradiofonicadominicana.com\/portal\/#\/schema\/person\/a5cf1fea13877803ee0573ac18b03490"},"headline":"Fallece el cuarto hombre m\u00e1s rico de Alemania dejando 20.000 millones de d\u00f3lares de herencia","datePublished":"2021-02-26T15:50:34+00:00","mainEntityOfPage":{"@id":"https:\/\/potenciaradiofonicadominicana.com\/portal\/fallece-el-cuarto-hombre-mas-rico-de-alemania-dejando-20-000-millones-de-dolares-de-herencia\/"},"wordCount":201,"commentCount":0,"publisher":{"@id":"https:\/\/potenciaradiofonicadominicana.com\/portal\/#organization"},"image":{"@id":"https:\/\/potenciaradiofonicadominicana.com\/portal\/fallece-el-cuarto-hombre-mas-rico-de-alemania-dejando-20-000-millones-de-dolares-de-herencia\/#primaryimage"},"thumbnailUrl":"https:\/\/potenciaradiofonicadominicana.com\/portal\/wp-content\/uploads\/2021\/02\/ced09f95-6038f80b59bf5b4a6c4eb232-60390a439895d-640x361.jpg","articleSection":["Internacional"],"inLanguage":"es","potentialAction":[{"@type":"CommentAction","name":"Comment","target":["https:\/\/potenciaradiofonicadominicana.com\/portal\/fallece-el-cuarto-hombre-mas-rico-de-alemania-dejando-20-000-millones-de-dolares-de-herencia\/#respond"]}]},{"@type":"WebPage","@id":"https:\/\/potenciaradiofonicadominicana.com\/portal\/fallece-el-cuarto-hombre-mas-rico-de-alemania-dejando-20-000-millones-de-dolares-de-herencia\/","url":"https:\/\/potenciaradiofonicadominicana.com\/portal\/fallece-el-cuarto-hombre-mas-rico-de-alemania-dejando-20-000-millones-de-dolares-de-herencia\/","name":"Fallece el cuarto hombre m\u00e1s rico de Alemania dejando 20.000 millones de d\u00f3lares de herencia - PotenciaRadiofonicaDominicana.com","isPartOf":{"@id":"https:\/\/potenciaradiofonicadominicana.com\/portal\/#website"},"primaryImageOfPage":{"@id":"https:\/\/potenciaradiofonicadominicana.com\/portal\/fallece-el-cuarto-hombre-mas-rico-de-alemania-dejando-20-000-millones-de-dolares-de-herencia\/#primaryimage"},"image":{"@id":"https:\/\/potenciaradiofonicadominicana.com\/portal\/fallece-el-cuarto-hombre-mas-rico-de-alemania-dejando-20-000-millones-de-dolares-de-herencia\/#primaryimage"},"thumbnailUrl":"https:\/\/potenciaradiofonicadominicana.com\/portal\/wp-content\/uploads\/2021\/02\/ced09f95-6038f80b59bf5b4a6c4eb232-60390a439895d-640x361.jpg","datePublished":"2021-02-26T15:50:34+00:00","breadcrumb":{"@id":"https:\/\/potenciaradiofonicadominicana.com\/portal\/fallece-el-cuarto-hombre-mas-rico-de-alemania-dejando-20-000-millones-de-dolares-de-herencia\/#breadcrumb"},"inLanguage":"es","potentialAction":[{"@type":"ReadAction","target":["https:\/\/potenciaradiofonicadominicana.com\/portal\/fallece-el-cuarto-hombre-mas-rico-de-alemania-dejando-20-000-millones-de-dolares-de-herencia\/"]}]},{"@type":"ImageObject","inLanguage":"es","@id":"https:\/\/potenciaradiofonicadominicana.com\/portal\/fallece-el-cuarto-hombre-mas-rico-de-alemania-dejando-20-000-millones-de-dolares-de-herencia\/#primaryimage","url":"https:\/\/potenciaradiofonicadominicana.com\/portal\/wp-content\/uploads\/2021\/02\/ced09f95-6038f80b59bf5b4a6c4eb232-60390a439895d-640x361.jpg","contentUrl":"https:\/\/potenciaradiofonicadominicana.com\/portal\/wp-content\/uploads\/2021\/02\/ced09f95-6038f80b59bf5b4a6c4eb232-60390a439895d-640x361.jpg","width":640,"height":361},{"@type":"BreadcrumbList","@id":"https:\/\/potenciaradiofonicadominicana.com\/portal\/fallece-el-cuarto-hombre-mas-rico-de-alemania-dejando-20-000-millones-de-dolares-de-herencia\/#breadcrumb","itemListElement":[{"@type":"ListItem","position":1,"name":"Portada","item":"https:\/\/potenciaradiofonicadominicana.com\/portal\/"},{"@type":"ListItem","position":2,"name":"Fallece el cuarto hombre m\u00e1s rico de Alemania dejando 20.000 millones de d\u00f3lares de herencia"}]},{"@type":"WebSite","@id":"https:\/\/potenciaradiofonicadominicana.com\/portal\/#website","url":"https:\/\/potenciaradiofonicadominicana.com\/portal\/","name":"PotenciaRadiofonicaDominicana.com","description":"Peri\u00f3dico Digital","publisher":{"@id":"https:\/\/potenciaradiofonicadominicana.com\/portal\/#organization"},"potentialAction":[{"@type":"SearchAction","target":{"@type":"EntryPoint","urlTemplate":"https:\/\/potenciaradiofonicadominicana.com\/portal\/?s={search_term_string}"},"query-input":{"@type":"PropertyValueSpecification","valueRequired":true,"valueName":"search_term_string"}}],"inLanguage":"es"},{"@type":"Organization","@id":"https:\/\/potenciaradiofonicadominicana.com\/portal\/#organization","name":"PotenciaRadiofonicaDominicana.com","url":"https:\/\/potenciaradiofonicadominicana.com\/portal\/","logo":{"@type":"ImageObject","inLanguage":"es","@id":"https:\/\/potenciaradiofonicadominicana.com\/portal\/#\/schema\/logo\/image\/","url":"https:\/\/potenciaradiofonicadominicana.com\/portal\/wp-content\/uploads\/2022\/01\/descarga.png","contentUrl":"https:\/\/potenciaradiofonicadominicana.com\/portal\/wp-content\/uploads\/2022\/01\/descarga.png","width":300,"height":100,"caption":"PotenciaRadiofonicaDominicana.com"},"image":{"@id":"https:\/\/potenciaradiofonicadominicana.com\/portal\/#\/schema\/logo\/image\/"},"sameAs":["https:\/\/web.facebook.com\/PotenciaRadiofonicaD"]},{"@type":"Person","@id":"https:\/\/potenciaradiofonicadominicana.com\/portal\/#\/schema\/person\/a5cf1fea13877803ee0573ac18b03490","name":"Potencia Radiof\u00f3nica Dominicana","image":{"@type":"ImageObject","inLanguage":"es","@id":"https:\/\/potenciaradiofonicadominicana.com\/portal\/#\/schema\/person\/image\/","url":"https:\/\/secure.gravatar.com\/avatar\/42a55ab9e8ccc656ba34cd791990602a?s=96&d=mm&r=g","contentUrl":"https:\/\/secure.gravatar.com\/avatar\/42a55ab9e8ccc656ba34cd791990602a?s=96&d=mm&r=g","caption":"Potencia Radiof\u00f3nica Dominicana"},"url":"https:\/\/potenciaradiofonicadominicana.com\/portal\/author\/johannyalmanzar\/"}]}},"_links":{"self":[{"href":"https:\/\/potenciaradiofonicadominicana.com\/portal\/wp-json\/wp\/v2\/posts\/111850","targetHints":{"allow":["GET"]}}],"collection":[{"href":"https:\/\/potenciaradiofonicadominicana.com\/portal\/wp-json\/wp\/v2\/posts"}],"about":[{"href":"https:\/\/potenciaradiofonicadominicana.com\/portal\/wp-json\/wp\/v2\/types\/post"}],"author":[{"embeddable":true,"href":"https:\/\/potenciaradiofonicadominicana.com\/portal\/wp-json\/wp\/v2\/users\/2"}],"replies":[{"embeddable":true,"href":"https:\/\/potenciaradiofonicadominicana.com\/portal\/wp-json\/wp\/v2\/comments?post=111850"}],"version-history":[{"count":1,"href":"https:\/\/potenciaradiofonicadominicana.com\/portal\/wp-json\/wp\/v2\/posts\/111850\/revisions"}],"predecessor-version":[{"id":111852,"href":"https:\/\/potenciaradiofonicadominicana.com\/portal\/wp-json\/wp\/v2\/posts\/111850\/revisions\/111852"}],"wp:featuredmedia":[{"embeddable":true,"href":"https:\/\/potenciaradiofonicadominicana.com\/portal\/wp-json\/wp\/v2\/media\/111851"}],"wp:attachment":[{"href":"https:\/\/potenciaradiofonicadominicana.com\/portal\/wp-json\/wp\/v2\/media?parent=111850"}],"wp:term":[{"taxonomy":"category","embeddable":true,"href":"https:\/\/potenciaradiofonicadominicana.com\/portal\/wp-json\/wp\/v2\/categories?post=111850"},{"taxonomy":"post_tag","embeddable":true,"href":"https:\/\/potenciaradiofonicadominicana.com\/portal\/wp-json\/wp\/v2\/tags?post=111850"}],"curies":[{"name":"wp","href":"https:\/\/api.w.org\/{rel}","templated":true}]}}