{"id":111844,"date":"2021-02-26T11:42:23","date_gmt":"2021-02-26T15:42:23","guid":{"rendered":"https:\/\/potenciaradiofonicadominicana.com\/portal\/?p=111844"},"modified":"2021-02-26T11:42:23","modified_gmt":"2021-02-26T15:42:23","slug":"obras-publicas-inicia-construccion-de-la-circunvalacion-los-alcarrizos","status":"publish","type":"post","link":"https:\/\/potenciaradiofonicadominicana.com\/portal\/obras-publicas-inicia-construccion-de-la-circunvalacion-los-alcarrizos\/","title":{"rendered":"Obras P\u00fablicas inicia construcci\u00f3n de la circunvalaci\u00f3n Los Alcarrizos"},"content":{"rendered":"<p><a href=\"https:\/\/potenciaradiofonicadominicana.com\/portal\/wp-content\/uploads\/2021\/02\/whatsapp-image-2021-02-25-at-34753-pm-1024x576.jpeg\"><img loading=\"lazy\" decoding=\"async\" class=\"alignnone size-full wp-image-111845\" src=\"https:\/\/potenciaradiofonicadominicana.com\/portal\/wp-content\/uploads\/2021\/02\/whatsapp-image-2021-02-25-at-34753-pm-1024x576.jpeg\" alt=\"\" width=\"1024\" height=\"576\" \/><\/a><\/p>\n<p>A un costo superior a los dos mil millones de pesos, el Ministerio de Obras P\u00fablicas y Comunicaciones (MOPC) dej\u00f3 iniciados los trabajos de la circunvalaci\u00f3n Los Alcarrizos, obra que tendr\u00e1 una longitud de 6.3 kil\u00f3metros y con seis carriles.<\/p>\n<p>Seg\u00fan informa hoy un comunicado, el ministro Deligne Ascenci\u00f3n dijo que con el inicio de esta obra se cumple la palabra del presidente Luis Abinader, quien durante la pasada campa\u00f1a electoral prometi\u00f3 dotar a Los Alcarrizos de una circunvalaci\u00f3n.<\/p>\n<p>Asimismo, anunci\u00f3 que el MOPC est\u00e1 en proceso de licitaci\u00f3n de una partida de asfalto que permitir\u00e1 iniciar con el ayuntamiento municipal, dentro de breve tiempo, un amplio operativo de construcci\u00f3n de aceras, contenes y pavimentaci\u00f3n de las calles.<\/p>\n<p>\u201cCon el cumplimento de este compromiso del presidente Luis Abinader, Los Alcarrizos no simplemente tendr\u00e1 una avenida de comunicaci\u00f3n, sino que este es el punto de lanza para el desarrollo de esta importante comunidad\u201d, afirm\u00f3.<\/p>\n<p>En el texto se indic\u00f3 que la obra a construir iniciar\u00e1 en la circunvalaci\u00f3n Santo Domingo y terminar\u00e1 en el cruce de la autopista Duarte con carretera a La Isabela y que se estableci\u00f3 que tendr\u00e1 una velocidad directriz de 50 kms por hora.<\/p>\n<p>Tendr\u00e1 dos conexiones: una con la calle Los Rieles que conecta con la calle Duarte Vieja, con una longitud de 899 metros, y otra en el hospital Vinicio Calventi con el cruce de Hato Nuevo, con una longitud de 750 metros.<\/p>\n<p>Ascenci\u00f3n consider\u00f3 que hasta ahora lo que ha tenido este municipio es un camino vecinal \u201cdel mismo ancho y de la misma longitud de cuando Los Alcarrizos era una comunidad perteneciente al Distrito Nacional\u201d.<\/p>\n<p>Asimismo, asegur\u00f3 que esta avenida facilitar\u00e1 el traslado de los residentes de dicho lugar hacia distintas partes de la ciudad y hacia las regiones del Cibao o el sur.<\/p>\n<div class=\"single-post-ads-footer hidden-xs\"><\/div>\n<div><\/div>\n<div><\/div>\n<div><\/div>\n<div><\/div>\n<div><\/div>\n<div><\/div>\n<div><\/div>\n<div>\n<p>Fuente<\/p>\n<p>Z Digital<\/p>\n<\/div>\n","protected":false},"excerpt":{"rendered":"<p>A un costo superior a los dos mil millones de pesos, el Ministerio de Obras P\u00fablicas y Comunicaciones (MOPC) dej\u00f3 &#8230;<\/p>\n","protected":false},"author":2,"featured_media":111845,"comment_status":"open","ping_status":"open","sticky":false,"template":"","format":"standard","meta":{"footnotes":""},"categories":[25],"tags":[],"class_list":["post-111844","post","type-post","status-publish","format-standard","has-post-thumbnail","hentry","category-noticias"],"yoast_head":"<!-- This site is optimized with the Yoast SEO plugin v24.8.1 - https:\/\/yoast.com\/wordpress\/plugins\/seo\/ -->\n<title>Obras P\u00fablicas inicia construcci\u00f3n de la circunvalaci\u00f3n Los Alcarrizos - PotenciaRadiofonicaDominicana.com<\/title>\n<meta name=\"robots\" content=\"index, follow, max-snippet:-1, max-image-preview:large, max-video-preview:-1\" \/>\n<link rel=\"canonical\" href=\"https:\/\/potenciaradiofonicadominicana.com\/portal\/obras-publicas-inicia-construccion-de-la-circunvalacion-los-alcarrizos\/\" \/>\n<meta property=\"og:locale\" content=\"es_ES\" \/>\n<meta property=\"og:type\" content=\"article\" \/>\n<meta property=\"og:title\" content=\"Obras P\u00fablicas inicia construcci\u00f3n de la circunvalaci\u00f3n Los Alcarrizos - PotenciaRadiofonicaDominicana.com\" \/>\n<meta property=\"og:description\" content=\"A un costo superior a los dos mil millones de pesos, el Ministerio de Obras P\u00fablicas y Comunicaciones (MOPC) dej\u00f3 ...\" \/>\n<meta property=\"og:url\" content=\"https:\/\/potenciaradiofonicadominicana.com\/portal\/obras-publicas-inicia-construccion-de-la-circunvalacion-los-alcarrizos\/\" \/>\n<meta property=\"og:site_name\" content=\"PotenciaRadiofonicaDominicana.com\" \/>\n<meta property=\"article:publisher\" content=\"https:\/\/web.facebook.com\/PotenciaRadiofonicaD\" \/>\n<meta property=\"article:published_time\" content=\"2021-02-26T15:42:23+00:00\" \/>\n<meta property=\"og:image\" content=\"https:\/\/potenciaradiofonicadominicana.com\/portal\/wp-content\/uploads\/2021\/02\/whatsapp-image-2021-02-25-at-34753-pm-1024x576.jpeg\" \/>\n\t<meta property=\"og:image:width\" content=\"1024\" \/>\n\t<meta property=\"og:image:height\" content=\"576\" \/>\n\t<meta property=\"og:image:type\" content=\"image\/jpeg\" \/>\n<meta name=\"author\" content=\"Potencia Radiof\u00f3nica Dominicana\" \/>\n<meta name=\"twitter:card\" content=\"summary_large_image\" \/>\n<meta name=\"twitter:label1\" content=\"Escrito por\" \/>\n\t<meta name=\"twitter:data1\" content=\"Potencia Radiof\u00f3nica Dominicana\" \/>\n\t<meta name=\"twitter:label2\" content=\"Tiempo de lectura\" \/>\n\t<meta name=\"twitter:data2\" content=\"2 minutos\" \/>\n<script type=\"application\/ld+json\" class=\"yoast-schema-graph\">{\"@context\":\"https:\/\/schema.org\",\"@graph\":[{\"@type\":\"Article\",\"@id\":\"https:\/\/potenciaradiofonicadominicana.com\/portal\/obras-publicas-inicia-construccion-de-la-circunvalacion-los-alcarrizos\/#article\",\"isPartOf\":{\"@id\":\"https:\/\/potenciaradiofonicadominicana.com\/portal\/obras-publicas-inicia-construccion-de-la-circunvalacion-los-alcarrizos\/\"},\"author\":{\"name\":\"Potencia Radiof\u00f3nica Dominicana\",\"@id\":\"https:\/\/potenciaradiofonicadominicana.com\/portal\/#\/schema\/person\/a5cf1fea13877803ee0573ac18b03490\"},\"headline\":\"Obras P\u00fablicas inicia construcci\u00f3n de la circunvalaci\u00f3n Los Alcarrizos\",\"datePublished\":\"2021-02-26T15:42:23+00:00\",\"mainEntityOfPage\":{\"@id\":\"https:\/\/potenciaradiofonicadominicana.com\/portal\/obras-publicas-inicia-construccion-de-la-circunvalacion-los-alcarrizos\/\"},\"wordCount\":325,\"commentCount\":0,\"publisher\":{\"@id\":\"https:\/\/potenciaradiofonicadominicana.com\/portal\/#organization\"},\"image\":{\"@id\":\"https:\/\/potenciaradiofonicadominicana.com\/portal\/obras-publicas-inicia-construccion-de-la-circunvalacion-los-alcarrizos\/#primaryimage\"},\"thumbnailUrl\":\"https:\/\/potenciaradiofonicadominicana.com\/portal\/wp-content\/uploads\/2021\/02\/whatsapp-image-2021-02-25-at-34753-pm-1024x576.jpeg\",\"articleSection\":[\"Noticias\"],\"inLanguage\":\"es\",\"potentialAction\":[{\"@type\":\"CommentAction\",\"name\":\"Comment\",\"target\":[\"https:\/\/potenciaradiofonicadominicana.com\/portal\/obras-publicas-inicia-construccion-de-la-circunvalacion-los-alcarrizos\/#respond\"]}]},{\"@type\":\"WebPage\",\"@id\":\"https:\/\/potenciaradiofonicadominicana.com\/portal\/obras-publicas-inicia-construccion-de-la-circunvalacion-los-alcarrizos\/\",\"url\":\"https:\/\/potenciaradiofonicadominicana.com\/portal\/obras-publicas-inicia-construccion-de-la-circunvalacion-los-alcarrizos\/\",\"name\":\"Obras P\u00fablicas inicia construcci\u00f3n de la circunvalaci\u00f3n Los Alcarrizos - PotenciaRadiofonicaDominicana.com\",\"isPartOf\":{\"@id\":\"https:\/\/potenciaradiofonicadominicana.com\/portal\/#website\"},\"primaryImageOfPage\":{\"@id\":\"https:\/\/potenciaradiofonicadominicana.com\/portal\/obras-publicas-inicia-construccion-de-la-circunvalacion-los-alcarrizos\/#primaryimage\"},\"image\":{\"@id\":\"https:\/\/potenciaradiofonicadominicana.com\/portal\/obras-publicas-inicia-construccion-de-la-circunvalacion-los-alcarrizos\/#primaryimage\"},\"thumbnailUrl\":\"https:\/\/potenciaradiofonicadominicana.com\/portal\/wp-content\/uploads\/2021\/02\/whatsapp-image-2021-02-25-at-34753-pm-1024x576.jpeg\",\"datePublished\":\"2021-02-26T15:42:23+00:00\",\"breadcrumb\":{\"@id\":\"https:\/\/potenciaradiofonicadominicana.com\/portal\/obras-publicas-inicia-construccion-de-la-circunvalacion-los-alcarrizos\/#breadcrumb\"},\"inLanguage\":\"es\",\"potentialAction\":[{\"@type\":\"ReadAction\",\"target\":[\"https:\/\/potenciaradiofonicadominicana.com\/portal\/obras-publicas-inicia-construccion-de-la-circunvalacion-los-alcarrizos\/\"]}]},{\"@type\":\"ImageObject\",\"inLanguage\":\"es\",\"@id\":\"https:\/\/potenciaradiofonicadominicana.com\/portal\/obras-publicas-inicia-construccion-de-la-circunvalacion-los-alcarrizos\/#primaryimage\",\"url\":\"https:\/\/potenciaradiofonicadominicana.com\/portal\/wp-content\/uploads\/2021\/02\/whatsapp-image-2021-02-25-at-34753-pm-1024x576.jpeg\",\"contentUrl\":\"https:\/\/potenciaradiofonicadominicana.com\/portal\/wp-content\/uploads\/2021\/02\/whatsapp-image-2021-02-25-at-34753-pm-1024x576.jpeg\",\"width\":1024,\"height\":576},{\"@type\":\"BreadcrumbList\",\"@id\":\"https:\/\/potenciaradiofonicadominicana.com\/portal\/obras-publicas-inicia-construccion-de-la-circunvalacion-los-alcarrizos\/#breadcrumb\",\"itemListElement\":[{\"@type\":\"ListItem\",\"position\":1,\"name\":\"Portada\",\"item\":\"https:\/\/potenciaradiofonicadominicana.com\/portal\/\"},{\"@type\":\"ListItem\",\"position\":2,\"name\":\"Obras P\u00fablicas inicia construcci\u00f3n de la circunvalaci\u00f3n Los Alcarrizos\"}]},{\"@type\":\"WebSite\",\"@id\":\"https:\/\/potenciaradiofonicadominicana.com\/portal\/#website\",\"url\":\"https:\/\/potenciaradiofonicadominicana.com\/portal\/\",\"name\":\"PotenciaRadiofonicaDominicana.com\",\"description\":\"Peri\u00f3dico Digital\",\"publisher\":{\"@id\":\"https:\/\/potenciaradiofonicadominicana.com\/portal\/#organization\"},\"potentialAction\":[{\"@type\":\"SearchAction\",\"target\":{\"@type\":\"EntryPoint\",\"urlTemplate\":\"https:\/\/potenciaradiofonicadominicana.com\/portal\/?s={search_term_string}\"},\"query-input\":{\"@type\":\"PropertyValueSpecification\",\"valueRequired\":true,\"valueName\":\"search_term_string\"}}],\"inLanguage\":\"es\"},{\"@type\":\"Organization\",\"@id\":\"https:\/\/potenciaradiofonicadominicana.com\/portal\/#organization\",\"name\":\"PotenciaRadiofonicaDominicana.com\",\"url\":\"https:\/\/potenciaradiofonicadominicana.com\/portal\/\",\"logo\":{\"@type\":\"ImageObject\",\"inLanguage\":\"es\",\"@id\":\"https:\/\/potenciaradiofonicadominicana.com\/portal\/#\/schema\/logo\/image\/\",\"url\":\"https:\/\/potenciaradiofonicadominicana.com\/portal\/wp-content\/uploads\/2022\/01\/descarga.png\",\"contentUrl\":\"https:\/\/potenciaradiofonicadominicana.com\/portal\/wp-content\/uploads\/2022\/01\/descarga.png\",\"width\":300,\"height\":100,\"caption\":\"PotenciaRadiofonicaDominicana.com\"},\"image\":{\"@id\":\"https:\/\/potenciaradiofonicadominicana.com\/portal\/#\/schema\/logo\/image\/\"},\"sameAs\":[\"https:\/\/web.facebook.com\/PotenciaRadiofonicaD\"]},{\"@type\":\"Person\",\"@id\":\"https:\/\/potenciaradiofonicadominicana.com\/portal\/#\/schema\/person\/a5cf1fea13877803ee0573ac18b03490\",\"name\":\"Potencia Radiof\u00f3nica Dominicana\",\"image\":{\"@type\":\"ImageObject\",\"inLanguage\":\"es\",\"@id\":\"https:\/\/potenciaradiofonicadominicana.com\/portal\/#\/schema\/person\/image\/\",\"url\":\"https:\/\/secure.gravatar.com\/avatar\/42a55ab9e8ccc656ba34cd791990602a?s=96&d=mm&r=g\",\"contentUrl\":\"https:\/\/secure.gravatar.com\/avatar\/42a55ab9e8ccc656ba34cd791990602a?s=96&d=mm&r=g\",\"caption\":\"Potencia Radiof\u00f3nica Dominicana\"},\"url\":\"https:\/\/potenciaradiofonicadominicana.com\/portal\/author\/johannyalmanzar\/\"}]}<\/script>\n<!-- \/ Yoast SEO plugin. -->","yoast_head_json":{"title":"Obras P\u00fablicas inicia construcci\u00f3n de la circunvalaci\u00f3n Los Alcarrizos - PotenciaRadiofonicaDominicana.com","robots":{"index":"index","follow":"follow","max-snippet":"max-snippet:-1","max-image-preview":"max-image-preview:large","max-video-preview":"max-video-preview:-1"},"canonical":"https:\/\/potenciaradiofonicadominicana.com\/portal\/obras-publicas-inicia-construccion-de-la-circunvalacion-los-alcarrizos\/","og_locale":"es_ES","og_type":"article","og_title":"Obras P\u00fablicas inicia construcci\u00f3n de la circunvalaci\u00f3n Los Alcarrizos - PotenciaRadiofonicaDominicana.com","og_description":"A un costo superior a los dos mil millones de pesos, el Ministerio de Obras P\u00fablicas y Comunicaciones (MOPC) dej\u00f3 ...","og_url":"https:\/\/potenciaradiofonicadominicana.com\/portal\/obras-publicas-inicia-construccion-de-la-circunvalacion-los-alcarrizos\/","og_site_name":"PotenciaRadiofonicaDominicana.com","article_publisher":"https:\/\/web.facebook.com\/PotenciaRadiofonicaD","article_published_time":"2021-02-26T15:42:23+00:00","og_image":[{"width":1024,"height":576,"url":"https:\/\/potenciaradiofonicadominicana.com\/portal\/wp-content\/uploads\/2021\/02\/whatsapp-image-2021-02-25-at-34753-pm-1024x576.jpeg","type":"image\/jpeg"}],"author":"Potencia Radiof\u00f3nica Dominicana","twitter_card":"summary_large_image","twitter_misc":{"Escrito por":"Potencia Radiof\u00f3nica Dominicana","Tiempo de lectura":"2 minutos"},"schema":{"@context":"https:\/\/schema.org","@graph":[{"@type":"Article","@id":"https:\/\/potenciaradiofonicadominicana.com\/portal\/obras-publicas-inicia-construccion-de-la-circunvalacion-los-alcarrizos\/#article","isPartOf":{"@id":"https:\/\/potenciaradiofonicadominicana.com\/portal\/obras-publicas-inicia-construccion-de-la-circunvalacion-los-alcarrizos\/"},"author":{"name":"Potencia Radiof\u00f3nica Dominicana","@id":"https:\/\/potenciaradiofonicadominicana.com\/portal\/#\/schema\/person\/a5cf1fea13877803ee0573ac18b03490"},"headline":"Obras P\u00fablicas inicia construcci\u00f3n de la circunvalaci\u00f3n Los Alcarrizos","datePublished":"2021-02-26T15:42:23+00:00","mainEntityOfPage":{"@id":"https:\/\/potenciaradiofonicadominicana.com\/portal\/obras-publicas-inicia-construccion-de-la-circunvalacion-los-alcarrizos\/"},"wordCount":325,"commentCount":0,"publisher":{"@id":"https:\/\/potenciaradiofonicadominicana.com\/portal\/#organization"},"image":{"@id":"https:\/\/potenciaradiofonicadominicana.com\/portal\/obras-publicas-inicia-construccion-de-la-circunvalacion-los-alcarrizos\/#primaryimage"},"thumbnailUrl":"https:\/\/potenciaradiofonicadominicana.com\/portal\/wp-content\/uploads\/2021\/02\/whatsapp-image-2021-02-25-at-34753-pm-1024x576.jpeg","articleSection":["Noticias"],"inLanguage":"es","potentialAction":[{"@type":"CommentAction","name":"Comment","target":["https:\/\/potenciaradiofonicadominicana.com\/portal\/obras-publicas-inicia-construccion-de-la-circunvalacion-los-alcarrizos\/#respond"]}]},{"@type":"WebPage","@id":"https:\/\/potenciaradiofonicadominicana.com\/portal\/obras-publicas-inicia-construccion-de-la-circunvalacion-los-alcarrizos\/","url":"https:\/\/potenciaradiofonicadominicana.com\/portal\/obras-publicas-inicia-construccion-de-la-circunvalacion-los-alcarrizos\/","name":"Obras P\u00fablicas inicia construcci\u00f3n de la circunvalaci\u00f3n Los Alcarrizos - PotenciaRadiofonicaDominicana.com","isPartOf":{"@id":"https:\/\/potenciaradiofonicadominicana.com\/portal\/#website"},"primaryImageOfPage":{"@id":"https:\/\/potenciaradiofonicadominicana.com\/portal\/obras-publicas-inicia-construccion-de-la-circunvalacion-los-alcarrizos\/#primaryimage"},"image":{"@id":"https:\/\/potenciaradiofonicadominicana.com\/portal\/obras-publicas-inicia-construccion-de-la-circunvalacion-los-alcarrizos\/#primaryimage"},"thumbnailUrl":"https:\/\/potenciaradiofonicadominicana.com\/portal\/wp-content\/uploads\/2021\/02\/whatsapp-image-2021-02-25-at-34753-pm-1024x576.jpeg","datePublished":"2021-02-26T15:42:23+00:00","breadcrumb":{"@id":"https:\/\/potenciaradiofonicadominicana.com\/portal\/obras-publicas-inicia-construccion-de-la-circunvalacion-los-alcarrizos\/#breadcrumb"},"inLanguage":"es","potentialAction":[{"@type":"ReadAction","target":["https:\/\/potenciaradiofonicadominicana.com\/portal\/obras-publicas-inicia-construccion-de-la-circunvalacion-los-alcarrizos\/"]}]},{"@type":"ImageObject","inLanguage":"es","@id":"https:\/\/potenciaradiofonicadominicana.com\/portal\/obras-publicas-inicia-construccion-de-la-circunvalacion-los-alcarrizos\/#primaryimage","url":"https:\/\/potenciaradiofonicadominicana.com\/portal\/wp-content\/uploads\/2021\/02\/whatsapp-image-2021-02-25-at-34753-pm-1024x576.jpeg","contentUrl":"https:\/\/potenciaradiofonicadominicana.com\/portal\/wp-content\/uploads\/2021\/02\/whatsapp-image-2021-02-25-at-34753-pm-1024x576.jpeg","width":1024,"height":576},{"@type":"BreadcrumbList","@id":"https:\/\/potenciaradiofonicadominicana.com\/portal\/obras-publicas-inicia-construccion-de-la-circunvalacion-los-alcarrizos\/#breadcrumb","itemListElement":[{"@type":"ListItem","position":1,"name":"Portada","item":"https:\/\/potenciaradiofonicadominicana.com\/portal\/"},{"@type":"ListItem","position":2,"name":"Obras P\u00fablicas inicia construcci\u00f3n de la circunvalaci\u00f3n Los Alcarrizos"}]},{"@type":"WebSite","@id":"https:\/\/potenciaradiofonicadominicana.com\/portal\/#website","url":"https:\/\/potenciaradiofonicadominicana.com\/portal\/","name":"PotenciaRadiofonicaDominicana.com","description":"Peri\u00f3dico Digital","publisher":{"@id":"https:\/\/potenciaradiofonicadominicana.com\/portal\/#organization"},"potentialAction":[{"@type":"SearchAction","target":{"@type":"EntryPoint","urlTemplate":"https:\/\/potenciaradiofonicadominicana.com\/portal\/?s={search_term_string}"},"query-input":{"@type":"PropertyValueSpecification","valueRequired":true,"valueName":"search_term_string"}}],"inLanguage":"es"},{"@type":"Organization","@id":"https:\/\/potenciaradiofonicadominicana.com\/portal\/#organization","name":"PotenciaRadiofonicaDominicana.com","url":"https:\/\/potenciaradiofonicadominicana.com\/portal\/","logo":{"@type":"ImageObject","inLanguage":"es","@id":"https:\/\/potenciaradiofonicadominicana.com\/portal\/#\/schema\/logo\/image\/","url":"https:\/\/potenciaradiofonicadominicana.com\/portal\/wp-content\/uploads\/2022\/01\/descarga.png","contentUrl":"https:\/\/potenciaradiofonicadominicana.com\/portal\/wp-content\/uploads\/2022\/01\/descarga.png","width":300,"height":100,"caption":"PotenciaRadiofonicaDominicana.com"},"image":{"@id":"https:\/\/potenciaradiofonicadominicana.com\/portal\/#\/schema\/logo\/image\/"},"sameAs":["https:\/\/web.facebook.com\/PotenciaRadiofonicaD"]},{"@type":"Person","@id":"https:\/\/potenciaradiofonicadominicana.com\/portal\/#\/schema\/person\/a5cf1fea13877803ee0573ac18b03490","name":"Potencia Radiof\u00f3nica Dominicana","image":{"@type":"ImageObject","inLanguage":"es","@id":"https:\/\/potenciaradiofonicadominicana.com\/portal\/#\/schema\/person\/image\/","url":"https:\/\/secure.gravatar.com\/avatar\/42a55ab9e8ccc656ba34cd791990602a?s=96&d=mm&r=g","contentUrl":"https:\/\/secure.gravatar.com\/avatar\/42a55ab9e8ccc656ba34cd791990602a?s=96&d=mm&r=g","caption":"Potencia Radiof\u00f3nica Dominicana"},"url":"https:\/\/potenciaradiofonicadominicana.com\/portal\/author\/johannyalmanzar\/"}]}},"_links":{"self":[{"href":"https:\/\/potenciaradiofonicadominicana.com\/portal\/wp-json\/wp\/v2\/posts\/111844","targetHints":{"allow":["GET"]}}],"collection":[{"href":"https:\/\/potenciaradiofonicadominicana.com\/portal\/wp-json\/wp\/v2\/posts"}],"about":[{"href":"https:\/\/potenciaradiofonicadominicana.com\/portal\/wp-json\/wp\/v2\/types\/post"}],"author":[{"embeddable":true,"href":"https:\/\/potenciaradiofonicadominicana.com\/portal\/wp-json\/wp\/v2\/users\/2"}],"replies":[{"embeddable":true,"href":"https:\/\/potenciaradiofonicadominicana.com\/portal\/wp-json\/wp\/v2\/comments?post=111844"}],"version-history":[{"count":1,"href":"https:\/\/potenciaradiofonicadominicana.com\/portal\/wp-json\/wp\/v2\/posts\/111844\/revisions"}],"predecessor-version":[{"id":111846,"href":"https:\/\/potenciaradiofonicadominicana.com\/portal\/wp-json\/wp\/v2\/posts\/111844\/revisions\/111846"}],"wp:featuredmedia":[{"embeddable":true,"href":"https:\/\/potenciaradiofonicadominicana.com\/portal\/wp-json\/wp\/v2\/media\/111845"}],"wp:attachment":[{"href":"https:\/\/potenciaradiofonicadominicana.com\/portal\/wp-json\/wp\/v2\/media?parent=111844"}],"wp:term":[{"taxonomy":"category","embeddable":true,"href":"https:\/\/potenciaradiofonicadominicana.com\/portal\/wp-json\/wp\/v2\/categories?post=111844"},{"taxonomy":"post_tag","embeddable":true,"href":"https:\/\/potenciaradiofonicadominicana.com\/portal\/wp-json\/wp\/v2\/tags?post=111844"}],"curies":[{"name":"wp","href":"https:\/\/api.w.org\/{rel}","templated":true}]}}