{"id":111838,"date":"2021-02-26T11:33:15","date_gmt":"2021-02-26T15:33:15","guid":{"rendered":"https:\/\/potenciaradiofonicadominicana.com\/portal\/?p=111838"},"modified":"2021-02-26T11:33:15","modified_gmt":"2021-02-26T15:33:15","slug":"adp-los-profesores-no-volveran-a-las-aulas-hasta-que-todos-hayan-sido-vacunados","status":"publish","type":"post","link":"https:\/\/potenciaradiofonicadominicana.com\/portal\/adp-los-profesores-no-volveran-a-las-aulas-hasta-que-todos-hayan-sido-vacunados\/","title":{"rendered":"ADP: los profesores no volver\u00e1n a las aulas hasta que todos hayan sido vacunados"},"content":{"rendered":"<p><a href=\"https:\/\/potenciaradiofonicadominicana.com\/portal\/wp-content\/uploads\/2021\/02\/Xiomara-Guante.jpg\"><img loading=\"lazy\" decoding=\"async\" class=\"alignnone size-full wp-image-111839\" src=\"https:\/\/potenciaradiofonicadominicana.com\/portal\/wp-content\/uploads\/2021\/02\/Xiomara-Guante.jpg\" alt=\"\" width=\"1024\" height=\"576\" \/><\/a><\/p>\n<p>La Asociaci\u00f3n Dominicana de Profesores (ADP) advirti\u00f3 ayer jueves que sus miembros no volver\u00e1n a las aulas hasta que cada uno de ellos reciban las dos dosis de vacunas contra la covid-19, adem\u00e1s de asegurarse de que los centros educativos cumplan con el protocolo sanitario de rigor.<\/p>\n<p>La presidenta del gremio Xiomara Guante dijo no saber qui\u00e9n ha \u201cmanipulado\u201d la informaci\u00f3n sobre una eventual fecha para el regreso a la docencia presencial y semipresencial en el pa\u00eds.<\/p>\n<p>\u201cAh\u00ed no se puso fecha, no s\u00e9 de d\u00f3nde sali\u00f3 eso, porque eso no se decidi\u00f3\u201d, dijo Guante al referirse a los resultados de la reuni\u00f3n del Consejo Nacional de Educaci\u00f3n, en la que ella particip\u00f3 ayer.<\/p>\n<p>Tras ese encuentro, el ministro de Educaci\u00f3n, Roberto Fulcar, inform\u00f3 que junto a Salud P\u00fablica presentar\u00e1 la pr\u00f3xima semana un cronograma para el retorno gradual, consensual y seguro a las escuelas.<\/p>\n<p>\u201cLo que s\u00ed se aprob\u00f3 fue que el Ministerio de Salud P\u00fablica emita la autorizaci\u00f3n en tanto se haya replanado la curva de pandemia, tambi\u00e9n que los maestros hayan recibido las dos dosis de la vacuna y, adem\u00e1s, que los centros educativos tienen que estar preparados para que puedan cumplir con las medidas m\u00ednimas de higiene que ordena la Organzaci\u00f3n Mundial de la Salud\u201d, dijo Guante a periodistas.<\/p>\n<p>Agreg\u00f3 que la ADP \u201cmantiene su posici\u00f3n firme\u201d en el sentido de que los maestros tienen que ser vacunados para regresar a las aulas.<\/p>\n<p>Este jueves, las autoridades sanitarias comenzaron a vacunar contra la covid-19 a los maestros y confirmaron que incluir\u00e1n a los profesores de primaria y preescolar en el segundo grupo a ser inoculado, para agilizar el retorno de las clases presenciales.<\/p>\n<p>A modo de experiencia piloto, 80 profesores recibieron este jueves una dosis de la vacuna de Sinovac, un d\u00eda y medio despu\u00e9s de la llegada al pa\u00eds, la noche del martes, de un lote de 768,000 unidades procedentes de China.<\/p>\n<p>\u201cSabemos que tenemos que regresar a las aulas, claro que s\u00ed, pero tiene que ser sobre la base de crear las condiciones para eso\u201d, expuso Guante.<\/p>\n<p>Revel\u00f3 que desde inicios de la pandemia, en marzo pasado, han fallecido 157 maestros a causa de la covid-19 y m\u00e1s de 2,000 han resultado contagiados.<\/p>\n<p>Mientras se produc\u00eda la reuni\u00f3n del Consejo Nacional de Educaci\u00f3n ayer, un grupo de padres exigi\u00f3 frente a la sede de esa cartera la vuelta a la docencia en colegios.<\/p>\n<p>Al grito de \u201cabran las aulas\u201d, el colectivo de Padres por la Educaci\u00f3n Presencial en Rep\u00fablica Dominicana (Ppeprd) abog\u00f3 por el retorno \u201cseguro, gradual y voluntario a la educaci\u00f3n presencial\u201d en el actual contexto de la pandemia de la covid-19, que consideran un tema de urgencia y prioridad nacional.<\/p>\n<p>El a\u00f1o escolar 2020-2021 comenz\u00f3 oficialmente el 2 de noviembre \u00faltimo de forma virtual, por internet, televisi\u00f3n y radio para todos los alumnos del sistema educativo, que suman 2.8 millones de estudiantes desde primaria hasta bachillerato.<\/p>\n<div class=\"single-post-ads-footer hidden-xs\"><\/div>\n<div><\/div>\n<div><\/div>\n<div><\/div>\n<div>\n<p>&nbsp;<\/p>\n<p>&nbsp;<\/p>\n<p>Fuente<\/p>\n<p>Z Digital<\/p>\n<\/div>\n<div><\/div>\n","protected":false},"excerpt":{"rendered":"<p>La Asociaci\u00f3n Dominicana de Profesores (ADP) advirti\u00f3 ayer jueves que sus miembros no volver\u00e1n a las aulas hasta que cada &#8230;<\/p>\n","protected":false},"author":2,"featured_media":111839,"comment_status":"open","ping_status":"open","sticky":false,"template":"","format":"standard","meta":{"footnotes":""},"categories":[25],"tags":[],"class_list":["post-111838","post","type-post","status-publish","format-standard","has-post-thumbnail","hentry","category-noticias"],"yoast_head":"<!-- This site is optimized with the Yoast SEO plugin v24.8.1 - https:\/\/yoast.com\/wordpress\/plugins\/seo\/ -->\n<title>ADP: los profesores no volver\u00e1n a las aulas hasta que todos hayan sido vacunados - PotenciaRadiofonicaDominicana.com<\/title>\n<meta name=\"robots\" content=\"index, follow, max-snippet:-1, max-image-preview:large, max-video-preview:-1\" \/>\n<link rel=\"canonical\" href=\"https:\/\/potenciaradiofonicadominicana.com\/portal\/adp-los-profesores-no-volveran-a-las-aulas-hasta-que-todos-hayan-sido-vacunados\/\" \/>\n<meta property=\"og:locale\" content=\"es_ES\" \/>\n<meta property=\"og:type\" content=\"article\" \/>\n<meta property=\"og:title\" content=\"ADP: los profesores no volver\u00e1n a las aulas hasta que todos hayan sido vacunados - PotenciaRadiofonicaDominicana.com\" \/>\n<meta property=\"og:description\" content=\"La Asociaci\u00f3n Dominicana de Profesores (ADP) advirti\u00f3 ayer jueves que sus miembros no volver\u00e1n a las aulas hasta que cada ...\" \/>\n<meta property=\"og:url\" content=\"https:\/\/potenciaradiofonicadominicana.com\/portal\/adp-los-profesores-no-volveran-a-las-aulas-hasta-que-todos-hayan-sido-vacunados\/\" \/>\n<meta property=\"og:site_name\" content=\"PotenciaRadiofonicaDominicana.com\" \/>\n<meta property=\"article:publisher\" content=\"https:\/\/web.facebook.com\/PotenciaRadiofonicaD\" \/>\n<meta property=\"article:published_time\" content=\"2021-02-26T15:33:15+00:00\" \/>\n<meta property=\"og:image\" content=\"https:\/\/potenciaradiofonicadominicana.com\/portal\/wp-content\/uploads\/2021\/02\/Xiomara-Guante.jpg\" \/>\n\t<meta property=\"og:image:width\" content=\"1024\" \/>\n\t<meta property=\"og:image:height\" content=\"576\" \/>\n\t<meta property=\"og:image:type\" content=\"image\/jpeg\" \/>\n<meta name=\"author\" content=\"Potencia Radiof\u00f3nica Dominicana\" \/>\n<meta name=\"twitter:card\" content=\"summary_large_image\" \/>\n<meta name=\"twitter:label1\" content=\"Escrito por\" \/>\n\t<meta name=\"twitter:data1\" content=\"Potencia Radiof\u00f3nica Dominicana\" \/>\n\t<meta name=\"twitter:label2\" content=\"Tiempo de lectura\" \/>\n\t<meta name=\"twitter:data2\" content=\"3 minutos\" \/>\n<script type=\"application\/ld+json\" class=\"yoast-schema-graph\">{\"@context\":\"https:\/\/schema.org\",\"@graph\":[{\"@type\":\"Article\",\"@id\":\"https:\/\/potenciaradiofonicadominicana.com\/portal\/adp-los-profesores-no-volveran-a-las-aulas-hasta-que-todos-hayan-sido-vacunados\/#article\",\"isPartOf\":{\"@id\":\"https:\/\/potenciaradiofonicadominicana.com\/portal\/adp-los-profesores-no-volveran-a-las-aulas-hasta-que-todos-hayan-sido-vacunados\/\"},\"author\":{\"name\":\"Potencia Radiof\u00f3nica Dominicana\",\"@id\":\"https:\/\/potenciaradiofonicadominicana.com\/portal\/#\/schema\/person\/a5cf1fea13877803ee0573ac18b03490\"},\"headline\":\"ADP: los profesores no volver\u00e1n a las aulas hasta que todos hayan sido vacunados\",\"datePublished\":\"2021-02-26T15:33:15+00:00\",\"mainEntityOfPage\":{\"@id\":\"https:\/\/potenciaradiofonicadominicana.com\/portal\/adp-los-profesores-no-volveran-a-las-aulas-hasta-que-todos-hayan-sido-vacunados\/\"},\"wordCount\":530,\"commentCount\":0,\"publisher\":{\"@id\":\"https:\/\/potenciaradiofonicadominicana.com\/portal\/#organization\"},\"image\":{\"@id\":\"https:\/\/potenciaradiofonicadominicana.com\/portal\/adp-los-profesores-no-volveran-a-las-aulas-hasta-que-todos-hayan-sido-vacunados\/#primaryimage\"},\"thumbnailUrl\":\"https:\/\/potenciaradiofonicadominicana.com\/portal\/wp-content\/uploads\/2021\/02\/Xiomara-Guante.jpg\",\"articleSection\":[\"Noticias\"],\"inLanguage\":\"es\",\"potentialAction\":[{\"@type\":\"CommentAction\",\"name\":\"Comment\",\"target\":[\"https:\/\/potenciaradiofonicadominicana.com\/portal\/adp-los-profesores-no-volveran-a-las-aulas-hasta-que-todos-hayan-sido-vacunados\/#respond\"]}]},{\"@type\":\"WebPage\",\"@id\":\"https:\/\/potenciaradiofonicadominicana.com\/portal\/adp-los-profesores-no-volveran-a-las-aulas-hasta-que-todos-hayan-sido-vacunados\/\",\"url\":\"https:\/\/potenciaradiofonicadominicana.com\/portal\/adp-los-profesores-no-volveran-a-las-aulas-hasta-que-todos-hayan-sido-vacunados\/\",\"name\":\"ADP: los profesores no volver\u00e1n a las aulas hasta que todos hayan sido vacunados - PotenciaRadiofonicaDominicana.com\",\"isPartOf\":{\"@id\":\"https:\/\/potenciaradiofonicadominicana.com\/portal\/#website\"},\"primaryImageOfPage\":{\"@id\":\"https:\/\/potenciaradiofonicadominicana.com\/portal\/adp-los-profesores-no-volveran-a-las-aulas-hasta-que-todos-hayan-sido-vacunados\/#primaryimage\"},\"image\":{\"@id\":\"https:\/\/potenciaradiofonicadominicana.com\/portal\/adp-los-profesores-no-volveran-a-las-aulas-hasta-que-todos-hayan-sido-vacunados\/#primaryimage\"},\"thumbnailUrl\":\"https:\/\/potenciaradiofonicadominicana.com\/portal\/wp-content\/uploads\/2021\/02\/Xiomara-Guante.jpg\",\"datePublished\":\"2021-02-26T15:33:15+00:00\",\"breadcrumb\":{\"@id\":\"https:\/\/potenciaradiofonicadominicana.com\/portal\/adp-los-profesores-no-volveran-a-las-aulas-hasta-que-todos-hayan-sido-vacunados\/#breadcrumb\"},\"inLanguage\":\"es\",\"potentialAction\":[{\"@type\":\"ReadAction\",\"target\":[\"https:\/\/potenciaradiofonicadominicana.com\/portal\/adp-los-profesores-no-volveran-a-las-aulas-hasta-que-todos-hayan-sido-vacunados\/\"]}]},{\"@type\":\"ImageObject\",\"inLanguage\":\"es\",\"@id\":\"https:\/\/potenciaradiofonicadominicana.com\/portal\/adp-los-profesores-no-volveran-a-las-aulas-hasta-que-todos-hayan-sido-vacunados\/#primaryimage\",\"url\":\"https:\/\/potenciaradiofonicadominicana.com\/portal\/wp-content\/uploads\/2021\/02\/Xiomara-Guante.jpg\",\"contentUrl\":\"https:\/\/potenciaradiofonicadominicana.com\/portal\/wp-content\/uploads\/2021\/02\/Xiomara-Guante.jpg\",\"width\":1024,\"height\":576},{\"@type\":\"BreadcrumbList\",\"@id\":\"https:\/\/potenciaradiofonicadominicana.com\/portal\/adp-los-profesores-no-volveran-a-las-aulas-hasta-que-todos-hayan-sido-vacunados\/#breadcrumb\",\"itemListElement\":[{\"@type\":\"ListItem\",\"position\":1,\"name\":\"Portada\",\"item\":\"https:\/\/potenciaradiofonicadominicana.com\/portal\/\"},{\"@type\":\"ListItem\",\"position\":2,\"name\":\"ADP: los profesores no volver\u00e1n a las aulas hasta que todos hayan sido vacunados\"}]},{\"@type\":\"WebSite\",\"@id\":\"https:\/\/potenciaradiofonicadominicana.com\/portal\/#website\",\"url\":\"https:\/\/potenciaradiofonicadominicana.com\/portal\/\",\"name\":\"PotenciaRadiofonicaDominicana.com\",\"description\":\"Peri\u00f3dico Digital\",\"publisher\":{\"@id\":\"https:\/\/potenciaradiofonicadominicana.com\/portal\/#organization\"},\"potentialAction\":[{\"@type\":\"SearchAction\",\"target\":{\"@type\":\"EntryPoint\",\"urlTemplate\":\"https:\/\/potenciaradiofonicadominicana.com\/portal\/?s={search_term_string}\"},\"query-input\":{\"@type\":\"PropertyValueSpecification\",\"valueRequired\":true,\"valueName\":\"search_term_string\"}}],\"inLanguage\":\"es\"},{\"@type\":\"Organization\",\"@id\":\"https:\/\/potenciaradiofonicadominicana.com\/portal\/#organization\",\"name\":\"PotenciaRadiofonicaDominicana.com\",\"url\":\"https:\/\/potenciaradiofonicadominicana.com\/portal\/\",\"logo\":{\"@type\":\"ImageObject\",\"inLanguage\":\"es\",\"@id\":\"https:\/\/potenciaradiofonicadominicana.com\/portal\/#\/schema\/logo\/image\/\",\"url\":\"https:\/\/potenciaradiofonicadominicana.com\/portal\/wp-content\/uploads\/2022\/01\/descarga.png\",\"contentUrl\":\"https:\/\/potenciaradiofonicadominicana.com\/portal\/wp-content\/uploads\/2022\/01\/descarga.png\",\"width\":300,\"height\":100,\"caption\":\"PotenciaRadiofonicaDominicana.com\"},\"image\":{\"@id\":\"https:\/\/potenciaradiofonicadominicana.com\/portal\/#\/schema\/logo\/image\/\"},\"sameAs\":[\"https:\/\/web.facebook.com\/PotenciaRadiofonicaD\"]},{\"@type\":\"Person\",\"@id\":\"https:\/\/potenciaradiofonicadominicana.com\/portal\/#\/schema\/person\/a5cf1fea13877803ee0573ac18b03490\",\"name\":\"Potencia Radiof\u00f3nica Dominicana\",\"image\":{\"@type\":\"ImageObject\",\"inLanguage\":\"es\",\"@id\":\"https:\/\/potenciaradiofonicadominicana.com\/portal\/#\/schema\/person\/image\/\",\"url\":\"https:\/\/secure.gravatar.com\/avatar\/42a55ab9e8ccc656ba34cd791990602a?s=96&d=mm&r=g\",\"contentUrl\":\"https:\/\/secure.gravatar.com\/avatar\/42a55ab9e8ccc656ba34cd791990602a?s=96&d=mm&r=g\",\"caption\":\"Potencia Radiof\u00f3nica Dominicana\"},\"url\":\"https:\/\/potenciaradiofonicadominicana.com\/portal\/author\/johannyalmanzar\/\"}]}<\/script>\n<!-- \/ Yoast SEO plugin. -->","yoast_head_json":{"title":"ADP: los profesores no volver\u00e1n a las aulas hasta que todos hayan sido vacunados - PotenciaRadiofonicaDominicana.com","robots":{"index":"index","follow":"follow","max-snippet":"max-snippet:-1","max-image-preview":"max-image-preview:large","max-video-preview":"max-video-preview:-1"},"canonical":"https:\/\/potenciaradiofonicadominicana.com\/portal\/adp-los-profesores-no-volveran-a-las-aulas-hasta-que-todos-hayan-sido-vacunados\/","og_locale":"es_ES","og_type":"article","og_title":"ADP: los profesores no volver\u00e1n a las aulas hasta que todos hayan sido vacunados - PotenciaRadiofonicaDominicana.com","og_description":"La Asociaci\u00f3n Dominicana de Profesores (ADP) advirti\u00f3 ayer jueves que sus miembros no volver\u00e1n a las aulas hasta que cada ...","og_url":"https:\/\/potenciaradiofonicadominicana.com\/portal\/adp-los-profesores-no-volveran-a-las-aulas-hasta-que-todos-hayan-sido-vacunados\/","og_site_name":"PotenciaRadiofonicaDominicana.com","article_publisher":"https:\/\/web.facebook.com\/PotenciaRadiofonicaD","article_published_time":"2021-02-26T15:33:15+00:00","og_image":[{"width":1024,"height":576,"url":"https:\/\/potenciaradiofonicadominicana.com\/portal\/wp-content\/uploads\/2021\/02\/Xiomara-Guante.jpg","type":"image\/jpeg"}],"author":"Potencia Radiof\u00f3nica Dominicana","twitter_card":"summary_large_image","twitter_misc":{"Escrito por":"Potencia Radiof\u00f3nica Dominicana","Tiempo de lectura":"3 minutos"},"schema":{"@context":"https:\/\/schema.org","@graph":[{"@type":"Article","@id":"https:\/\/potenciaradiofonicadominicana.com\/portal\/adp-los-profesores-no-volveran-a-las-aulas-hasta-que-todos-hayan-sido-vacunados\/#article","isPartOf":{"@id":"https:\/\/potenciaradiofonicadominicana.com\/portal\/adp-los-profesores-no-volveran-a-las-aulas-hasta-que-todos-hayan-sido-vacunados\/"},"author":{"name":"Potencia Radiof\u00f3nica Dominicana","@id":"https:\/\/potenciaradiofonicadominicana.com\/portal\/#\/schema\/person\/a5cf1fea13877803ee0573ac18b03490"},"headline":"ADP: los profesores no volver\u00e1n a las aulas hasta que todos hayan sido vacunados","datePublished":"2021-02-26T15:33:15+00:00","mainEntityOfPage":{"@id":"https:\/\/potenciaradiofonicadominicana.com\/portal\/adp-los-profesores-no-volveran-a-las-aulas-hasta-que-todos-hayan-sido-vacunados\/"},"wordCount":530,"commentCount":0,"publisher":{"@id":"https:\/\/potenciaradiofonicadominicana.com\/portal\/#organization"},"image":{"@id":"https:\/\/potenciaradiofonicadominicana.com\/portal\/adp-los-profesores-no-volveran-a-las-aulas-hasta-que-todos-hayan-sido-vacunados\/#primaryimage"},"thumbnailUrl":"https:\/\/potenciaradiofonicadominicana.com\/portal\/wp-content\/uploads\/2021\/02\/Xiomara-Guante.jpg","articleSection":["Noticias"],"inLanguage":"es","potentialAction":[{"@type":"CommentAction","name":"Comment","target":["https:\/\/potenciaradiofonicadominicana.com\/portal\/adp-los-profesores-no-volveran-a-las-aulas-hasta-que-todos-hayan-sido-vacunados\/#respond"]}]},{"@type":"WebPage","@id":"https:\/\/potenciaradiofonicadominicana.com\/portal\/adp-los-profesores-no-volveran-a-las-aulas-hasta-que-todos-hayan-sido-vacunados\/","url":"https:\/\/potenciaradiofonicadominicana.com\/portal\/adp-los-profesores-no-volveran-a-las-aulas-hasta-que-todos-hayan-sido-vacunados\/","name":"ADP: los profesores no volver\u00e1n a las aulas hasta que todos hayan sido vacunados - PotenciaRadiofonicaDominicana.com","isPartOf":{"@id":"https:\/\/potenciaradiofonicadominicana.com\/portal\/#website"},"primaryImageOfPage":{"@id":"https:\/\/potenciaradiofonicadominicana.com\/portal\/adp-los-profesores-no-volveran-a-las-aulas-hasta-que-todos-hayan-sido-vacunados\/#primaryimage"},"image":{"@id":"https:\/\/potenciaradiofonicadominicana.com\/portal\/adp-los-profesores-no-volveran-a-las-aulas-hasta-que-todos-hayan-sido-vacunados\/#primaryimage"},"thumbnailUrl":"https:\/\/potenciaradiofonicadominicana.com\/portal\/wp-content\/uploads\/2021\/02\/Xiomara-Guante.jpg","datePublished":"2021-02-26T15:33:15+00:00","breadcrumb":{"@id":"https:\/\/potenciaradiofonicadominicana.com\/portal\/adp-los-profesores-no-volveran-a-las-aulas-hasta-que-todos-hayan-sido-vacunados\/#breadcrumb"},"inLanguage":"es","potentialAction":[{"@type":"ReadAction","target":["https:\/\/potenciaradiofonicadominicana.com\/portal\/adp-los-profesores-no-volveran-a-las-aulas-hasta-que-todos-hayan-sido-vacunados\/"]}]},{"@type":"ImageObject","inLanguage":"es","@id":"https:\/\/potenciaradiofonicadominicana.com\/portal\/adp-los-profesores-no-volveran-a-las-aulas-hasta-que-todos-hayan-sido-vacunados\/#primaryimage","url":"https:\/\/potenciaradiofonicadominicana.com\/portal\/wp-content\/uploads\/2021\/02\/Xiomara-Guante.jpg","contentUrl":"https:\/\/potenciaradiofonicadominicana.com\/portal\/wp-content\/uploads\/2021\/02\/Xiomara-Guante.jpg","width":1024,"height":576},{"@type":"BreadcrumbList","@id":"https:\/\/potenciaradiofonicadominicana.com\/portal\/adp-los-profesores-no-volveran-a-las-aulas-hasta-que-todos-hayan-sido-vacunados\/#breadcrumb","itemListElement":[{"@type":"ListItem","position":1,"name":"Portada","item":"https:\/\/potenciaradiofonicadominicana.com\/portal\/"},{"@type":"ListItem","position":2,"name":"ADP: los profesores no volver\u00e1n a las aulas hasta que todos hayan sido vacunados"}]},{"@type":"WebSite","@id":"https:\/\/potenciaradiofonicadominicana.com\/portal\/#website","url":"https:\/\/potenciaradiofonicadominicana.com\/portal\/","name":"PotenciaRadiofonicaDominicana.com","description":"Peri\u00f3dico Digital","publisher":{"@id":"https:\/\/potenciaradiofonicadominicana.com\/portal\/#organization"},"potentialAction":[{"@type":"SearchAction","target":{"@type":"EntryPoint","urlTemplate":"https:\/\/potenciaradiofonicadominicana.com\/portal\/?s={search_term_string}"},"query-input":{"@type":"PropertyValueSpecification","valueRequired":true,"valueName":"search_term_string"}}],"inLanguage":"es"},{"@type":"Organization","@id":"https:\/\/potenciaradiofonicadominicana.com\/portal\/#organization","name":"PotenciaRadiofonicaDominicana.com","url":"https:\/\/potenciaradiofonicadominicana.com\/portal\/","logo":{"@type":"ImageObject","inLanguage":"es","@id":"https:\/\/potenciaradiofonicadominicana.com\/portal\/#\/schema\/logo\/image\/","url":"https:\/\/potenciaradiofonicadominicana.com\/portal\/wp-content\/uploads\/2022\/01\/descarga.png","contentUrl":"https:\/\/potenciaradiofonicadominicana.com\/portal\/wp-content\/uploads\/2022\/01\/descarga.png","width":300,"height":100,"caption":"PotenciaRadiofonicaDominicana.com"},"image":{"@id":"https:\/\/potenciaradiofonicadominicana.com\/portal\/#\/schema\/logo\/image\/"},"sameAs":["https:\/\/web.facebook.com\/PotenciaRadiofonicaD"]},{"@type":"Person","@id":"https:\/\/potenciaradiofonicadominicana.com\/portal\/#\/schema\/person\/a5cf1fea13877803ee0573ac18b03490","name":"Potencia Radiof\u00f3nica Dominicana","image":{"@type":"ImageObject","inLanguage":"es","@id":"https:\/\/potenciaradiofonicadominicana.com\/portal\/#\/schema\/person\/image\/","url":"https:\/\/secure.gravatar.com\/avatar\/42a55ab9e8ccc656ba34cd791990602a?s=96&d=mm&r=g","contentUrl":"https:\/\/secure.gravatar.com\/avatar\/42a55ab9e8ccc656ba34cd791990602a?s=96&d=mm&r=g","caption":"Potencia Radiof\u00f3nica Dominicana"},"url":"https:\/\/potenciaradiofonicadominicana.com\/portal\/author\/johannyalmanzar\/"}]}},"_links":{"self":[{"href":"https:\/\/potenciaradiofonicadominicana.com\/portal\/wp-json\/wp\/v2\/posts\/111838","targetHints":{"allow":["GET"]}}],"collection":[{"href":"https:\/\/potenciaradiofonicadominicana.com\/portal\/wp-json\/wp\/v2\/posts"}],"about":[{"href":"https:\/\/potenciaradiofonicadominicana.com\/portal\/wp-json\/wp\/v2\/types\/post"}],"author":[{"embeddable":true,"href":"https:\/\/potenciaradiofonicadominicana.com\/portal\/wp-json\/wp\/v2\/users\/2"}],"replies":[{"embeddable":true,"href":"https:\/\/potenciaradiofonicadominicana.com\/portal\/wp-json\/wp\/v2\/comments?post=111838"}],"version-history":[{"count":1,"href":"https:\/\/potenciaradiofonicadominicana.com\/portal\/wp-json\/wp\/v2\/posts\/111838\/revisions"}],"predecessor-version":[{"id":111840,"href":"https:\/\/potenciaradiofonicadominicana.com\/portal\/wp-json\/wp\/v2\/posts\/111838\/revisions\/111840"}],"wp:featuredmedia":[{"embeddable":true,"href":"https:\/\/potenciaradiofonicadominicana.com\/portal\/wp-json\/wp\/v2\/media\/111839"}],"wp:attachment":[{"href":"https:\/\/potenciaradiofonicadominicana.com\/portal\/wp-json\/wp\/v2\/media?parent=111838"}],"wp:term":[{"taxonomy":"category","embeddable":true,"href":"https:\/\/potenciaradiofonicadominicana.com\/portal\/wp-json\/wp\/v2\/categories?post=111838"},{"taxonomy":"post_tag","embeddable":true,"href":"https:\/\/potenciaradiofonicadominicana.com\/portal\/wp-json\/wp\/v2\/tags?post=111838"}],"curies":[{"name":"wp","href":"https:\/\/api.w.org\/{rel}","templated":true}]}}